{"id":22915,"date":"2023-01-29T15:11:12","date_gmt":"2023-01-29T14:11:12","guid":{"rendered":"http:\/\/www.studiogera.de\/001\/?p=22915"},"modified":"2023-01-29T15:11:13","modified_gmt":"2023-01-29T14:11:13","slug":"kpi-ermittelt-zum-brand-im-gewerbepark-keplerstrasse","status":"publish","type":"post","link":"https:\/\/www.studiogera.de\/001\/2023\/01\/29\/kpi-ermittelt-zum-brand-im-gewerbepark-keplerstrasse\/","title":{"rendered":"KPI ERMITTELT ZUM BRAND IM GEWERBEPARK KEPLERSTRASSE"},"content":{"rendered":"\n<p>Am 27. Janaur 2023 kam es aus noch ungekl\u00e4rter Ursache zu einem Brand mit Rauchentwicklung in einer Lagerhalle im Gewerbepark Keplerstra\u00dfe. Alle 21 Personen, welche sich zur Zeit des Brandausbruches in dem Objekt befanden, konnten nach drau\u00dfen verbracht werden und blieben unverletzt. Die Kriminalpolizei ermittelt zur Brandursache.<\/p>\n","protected":false},"excerpt":{"rendered":"<div class=\"mh-excerpt\"><p>Am 27. Janaur 2023 kam es aus noch ungekl\u00e4rter Ursache zu einem Brand mit Rauchentwicklung in einer Lagerhalle im Gewerbepark Keplerstra\u00dfe. Alle 21 Personen, welche sich zur Zeit des Brandausbruches in dem Objekt befanden, konnten <a class=\"mh-excerpt-more\" href=\"https:\/\/www.studiogera.de\/001\/2023\/01\/29\/kpi-ermittelt-zum-brand-im-gewerbepark-keplerstrasse\/\" title=\"KPI ERMITTELT ZUM BRAND IM GEWERBEPARK KEPLERSTRASSE\">[&#8230;]<\/a><\/p>\n<\/div>","protected":false},"author":3,"featured_media":9351,"comment_status":"open","ping_status":"open","sticky":false,"template":"","format":"standard","meta":{"footnotes":""},"categories":[13],"tags":[],"class_list":{"0":"post-22915","1":"post","2":"type-post","3":"status-publish","4":"format-standard","5":"has-post-thumbnail","7":"category-polizeiberichte"},"_links":{"self":[{"href":"https:\/\/www.studiogera.de\/001\/wp-json\/wp\/v2\/posts\/22915","targetHints":{"allow":["GET"]}}],"collection":[{"href":"https:\/\/www.studiogera.de\/001\/wp-json\/wp\/v2\/posts"}],"about":[{"href":"https:\/\/www.studiogera.de\/001\/wp-json\/wp\/v2\/types\/post"}],"author":[{"embeddable":true,"href":"https:\/\/www.studiogera.de\/001\/wp-json\/wp\/v2\/users\/3"}],"replies":[{"embeddable":true,"href":"https:\/\/www.studiogera.de\/001\/wp-json\/wp\/v2\/comments?post=22915"}],"version-history":[{"count":1,"href":"https:\/\/www.studiogera.de\/001\/wp-json\/wp\/v2\/posts\/22915\/revisions"}],"predecessor-version":[{"id":22916,"href":"https:\/\/www.studiogera.de\/001\/wp-json\/wp\/v2\/posts\/22915\/revisions\/22916"}],"wp:featuredmedia":[{"embeddable":true,"href":"https:\/\/www.studiogera.de\/001\/wp-json\/wp\/v2\/media\/9351"}],"wp:attachment":[{"href":"https:\/\/www.studiogera.de\/001\/wp-json\/wp\/v2\/media?parent=22915"}],"wp:term":[{"taxonomy":"category","embeddable":true,"href":"https:\/\/www.studiogera.de\/001\/wp-json\/wp\/v2\/categories?post=22915"},{"taxonomy":"post_tag","embeddable":true,"href":"https:\/\/www.studiogera.de\/001\/wp-json\/wp\/v2\/tags?post=22915"}],"curies":[{"name":"wp","href":"https:\/\/api.w.org\/{rel}","templated":true}]}}