{"id":22925,"date":"2023-01-30T20:46:08","date_gmt":"2023-01-30T19:46:08","guid":{"rendered":"http:\/\/www.studiogera.de\/001\/?p=22925"},"modified":"2023-01-30T20:46:09","modified_gmt":"2023-01-30T19:46:09","slug":"hakenkreuz-und-schriftzug-an-werbeschild-in-langenberg","status":"publish","type":"post","link":"https:\/\/www.studiogera.de\/001\/2023\/01\/30\/hakenkreuz-und-schriftzug-an-werbeschild-in-langenberg\/","title":{"rendered":"HAKENKREUZ UND SCHRIFTZUG AN WERBESCHILD IN LANGENBERG"},"content":{"rendered":"\n<p>Im Laufe der letzten Woche spr\u00fchten unbekannte T\u00e4ter mit wei\u00dfer Farbe ein Hakenkreuz und einen Schriftzug an ein Werbeschild an der Kreuzung Eisenberger Stra\u00dfe\/Zeitzer Stra\u00dfe. Es entstand Sachschaden; die aufnehmenden Beamten machten das verfassungswidrige Symbol unkenntlich. Zeugenhinweise richten Sie bitte an die KPI unter der Rufnummer 0365 82341465.<\/p>\n","protected":false},"excerpt":{"rendered":"<div class=\"mh-excerpt\"><p>Im Laufe der letzten Woche spr\u00fchten unbekannte T\u00e4ter mit wei\u00dfer Farbe ein Hakenkreuz und einen Schriftzug an ein Werbeschild an der Kreuzung Eisenberger Stra\u00dfe\/Zeitzer Stra\u00dfe. Es entstand Sachschaden; die aufnehmenden Beamten machten das verfassungswidrige Symbol <a class=\"mh-excerpt-more\" href=\"https:\/\/www.studiogera.de\/001\/2023\/01\/30\/hakenkreuz-und-schriftzug-an-werbeschild-in-langenberg\/\" title=\"HAKENKREUZ UND SCHRIFTZUG AN WERBESCHILD IN LANGENBERG\">[&#8230;]<\/a><\/p>\n<\/div>","protected":false},"author":3,"featured_media":9351,"comment_status":"open","ping_status":"open","sticky":false,"template":"","format":"standard","meta":{"footnotes":""},"categories":[13],"tags":[],"class_list":{"0":"post-22925","1":"post","2":"type-post","3":"status-publish","4":"format-standard","5":"has-post-thumbnail","7":"category-polizeiberichte"},"_links":{"self":[{"href":"https:\/\/www.studiogera.de\/001\/wp-json\/wp\/v2\/posts\/22925","targetHints":{"allow":["GET"]}}],"collection":[{"href":"https:\/\/www.studiogera.de\/001\/wp-json\/wp\/v2\/posts"}],"about":[{"href":"https:\/\/www.studiogera.de\/001\/wp-json\/wp\/v2\/types\/post"}],"author":[{"embeddable":true,"href":"https:\/\/www.studiogera.de\/001\/wp-json\/wp\/v2\/users\/3"}],"replies":[{"embeddable":true,"href":"https:\/\/www.studiogera.de\/001\/wp-json\/wp\/v2\/comments?post=22925"}],"version-history":[{"count":1,"href":"https:\/\/www.studiogera.de\/001\/wp-json\/wp\/v2\/posts\/22925\/revisions"}],"predecessor-version":[{"id":22926,"href":"https:\/\/www.studiogera.de\/001\/wp-json\/wp\/v2\/posts\/22925\/revisions\/22926"}],"wp:featuredmedia":[{"embeddable":true,"href":"https:\/\/www.studiogera.de\/001\/wp-json\/wp\/v2\/media\/9351"}],"wp:attachment":[{"href":"https:\/\/www.studiogera.de\/001\/wp-json\/wp\/v2\/media?parent=22925"}],"wp:term":[{"taxonomy":"category","embeddable":true,"href":"https:\/\/www.studiogera.de\/001\/wp-json\/wp\/v2\/categories?post=22925"},{"taxonomy":"post_tag","embeddable":true,"href":"https:\/\/www.studiogera.de\/001\/wp-json\/wp\/v2\/tags?post=22925"}],"curies":[{"name":"wp","href":"https:\/\/api.w.org\/{rel}","templated":true}]}}