{"id":22929,"date":"2023-01-30T20:59:35","date_gmt":"2023-01-30T19:59:35","guid":{"rendered":"http:\/\/www.studiogera.de\/001\/?p=22929"},"modified":"2023-01-30T20:59:37","modified_gmt":"2023-01-30T19:59:37","slug":"antragsannahmestelle-der-fahrerlaubnisbehoerde-schliesst-frueher","status":"publish","type":"post","link":"https:\/\/www.studiogera.de\/001\/2023\/01\/30\/antragsannahmestelle-der-fahrerlaubnisbehoerde-schliesst-frueher\/","title":{"rendered":"ANTRAGSANNAHMESTELLE DER FAHRERLAUBNISBEH\u00d6RDE SCHLIESST FR\u00dcHER"},"content":{"rendered":"\n<p>Im Zeitraum vom 30. Januar 2023 bis 3. Februar 2023 ist in der Fahrerlaubnisbeh\u00f6rde mit einer vorzeitigen Schlie\u00dfung der Antragsannahmestelle zu rechnen. Bei Anliegen ohne Dringlichkeit empfiehlt die st\u00e4dtische Fahrerlaubnisbeh\u00f6rde eine pers\u00f6nliche Vorsprache ab dem 6. Februar 2023.<\/p>\n","protected":false},"excerpt":{"rendered":"<div class=\"mh-excerpt\"><p>Im Zeitraum vom 30. Januar 2023 bis 3. Februar 2023 ist in der Fahrerlaubnisbeh\u00f6rde mit einer vorzeitigen Schlie\u00dfung der Antragsannahmestelle zu rechnen. Bei Anliegen ohne Dringlichkeit empfiehlt die st\u00e4dtische Fahrerlaubnisbeh\u00f6rde eine pers\u00f6nliche Vorsprache ab dem <a class=\"mh-excerpt-more\" href=\"https:\/\/www.studiogera.de\/001\/2023\/01\/30\/antragsannahmestelle-der-fahrerlaubnisbehoerde-schliesst-frueher\/\" title=\"ANTRAGSANNAHMESTELLE DER FAHRERLAUBNISBEH\u00d6RDE SCHLIESST FR\u00dcHER\">[&#8230;]<\/a><\/p>\n<\/div>","protected":false},"author":3,"featured_media":10306,"comment_status":"open","ping_status":"open","sticky":false,"template":"","format":"standard","meta":{"footnotes":""},"categories":[16],"tags":[],"class_list":{"0":"post-22929","1":"post","2":"type-post","3":"status-publish","4":"format-standard","5":"has-post-thumbnail","7":"category-kurzmitteilungen"},"_links":{"self":[{"href":"https:\/\/www.studiogera.de\/001\/wp-json\/wp\/v2\/posts\/22929","targetHints":{"allow":["GET"]}}],"collection":[{"href":"https:\/\/www.studiogera.de\/001\/wp-json\/wp\/v2\/posts"}],"about":[{"href":"https:\/\/www.studiogera.de\/001\/wp-json\/wp\/v2\/types\/post"}],"author":[{"embeddable":true,"href":"https:\/\/www.studiogera.de\/001\/wp-json\/wp\/v2\/users\/3"}],"replies":[{"embeddable":true,"href":"https:\/\/www.studiogera.de\/001\/wp-json\/wp\/v2\/comments?post=22929"}],"version-history":[{"count":1,"href":"https:\/\/www.studiogera.de\/001\/wp-json\/wp\/v2\/posts\/22929\/revisions"}],"predecessor-version":[{"id":22930,"href":"https:\/\/www.studiogera.de\/001\/wp-json\/wp\/v2\/posts\/22929\/revisions\/22930"}],"wp:featuredmedia":[{"embeddable":true,"href":"https:\/\/www.studiogera.de\/001\/wp-json\/wp\/v2\/media\/10306"}],"wp:attachment":[{"href":"https:\/\/www.studiogera.de\/001\/wp-json\/wp\/v2\/media?parent=22929"}],"wp:term":[{"taxonomy":"category","embeddable":true,"href":"https:\/\/www.studiogera.de\/001\/wp-json\/wp\/v2\/categories?post=22929"},{"taxonomy":"post_tag","embeddable":true,"href":"https:\/\/www.studiogera.de\/001\/wp-json\/wp\/v2\/tags?post=22929"}],"curies":[{"name":"wp","href":"https:\/\/api.w.org\/{rel}","templated":true}]}}