{"id":23032,"date":"2023-02-06T00:12:35","date_gmt":"2023-02-05T23:12:35","guid":{"rendered":"http:\/\/www.studiogera.de\/001\/?p=23032"},"modified":"2023-02-06T00:12:36","modified_gmt":"2023-02-05T23:12:36","slug":"verfassungsfeindliche-symbole-auf-einem-pkw","status":"publish","type":"post","link":"https:\/\/www.studiogera.de\/001\/2023\/02\/06\/verfassungsfeindliche-symbole-auf-einem-pkw\/","title":{"rendered":"VERFASSUNGSFEINDLICHE SYMBOLE AUF EINEM PKW"},"content":{"rendered":"\n<p>Samstagnacht wurde ein 33-J\u00e4hriger um 23.05 Uhr in der Altenburger Stra\u00dfe mit seinem PKW einer allgemeinen Verkehrskontrolle unterzogen. Dabei bemerkten die Polizeibeamten zuf\u00e4llig einen Aufkleber auf dem Dach des Fahrzeugs, auf dem sich rechtsextreme verfassungsfeindliche Symbole und Parolen befanden. Daraufhin wurde gegen den Fahrzeugf\u00fchrer ein Strafverfahren wegen des Verwendens von Kennzeichen verfassungswidriger Organisationen eingeleitet und der Aufkleber unkenntlich gemacht.<\/p>\n","protected":false},"excerpt":{"rendered":"<div class=\"mh-excerpt\"><p>Samstagnacht wurde ein 33-J\u00e4hriger um 23.05 Uhr in der Altenburger Stra\u00dfe mit seinem PKW einer allgemeinen Verkehrskontrolle unterzogen. Dabei bemerkten die Polizeibeamten zuf\u00e4llig einen Aufkleber auf dem Dach des Fahrzeugs, auf dem sich rechtsextreme verfassungsfeindliche <a class=\"mh-excerpt-more\" href=\"https:\/\/www.studiogera.de\/001\/2023\/02\/06\/verfassungsfeindliche-symbole-auf-einem-pkw\/\" title=\"VERFASSUNGSFEINDLICHE SYMBOLE AUF EINEM PKW\">[&#8230;]<\/a><\/p>\n<\/div>","protected":false},"author":2,"featured_media":9353,"comment_status":"open","ping_status":"open","sticky":false,"template":"","format":"standard","meta":{"footnotes":""},"categories":[13],"tags":[],"class_list":{"0":"post-23032","1":"post","2":"type-post","3":"status-publish","4":"format-standard","5":"has-post-thumbnail","7":"category-polizeiberichte"},"_links":{"self":[{"href":"https:\/\/www.studiogera.de\/001\/wp-json\/wp\/v2\/posts\/23032","targetHints":{"allow":["GET"]}}],"collection":[{"href":"https:\/\/www.studiogera.de\/001\/wp-json\/wp\/v2\/posts"}],"about":[{"href":"https:\/\/www.studiogera.de\/001\/wp-json\/wp\/v2\/types\/post"}],"author":[{"embeddable":true,"href":"https:\/\/www.studiogera.de\/001\/wp-json\/wp\/v2\/users\/2"}],"replies":[{"embeddable":true,"href":"https:\/\/www.studiogera.de\/001\/wp-json\/wp\/v2\/comments?post=23032"}],"version-history":[{"count":1,"href":"https:\/\/www.studiogera.de\/001\/wp-json\/wp\/v2\/posts\/23032\/revisions"}],"predecessor-version":[{"id":23033,"href":"https:\/\/www.studiogera.de\/001\/wp-json\/wp\/v2\/posts\/23032\/revisions\/23033"}],"wp:featuredmedia":[{"embeddable":true,"href":"https:\/\/www.studiogera.de\/001\/wp-json\/wp\/v2\/media\/9353"}],"wp:attachment":[{"href":"https:\/\/www.studiogera.de\/001\/wp-json\/wp\/v2\/media?parent=23032"}],"wp:term":[{"taxonomy":"category","embeddable":true,"href":"https:\/\/www.studiogera.de\/001\/wp-json\/wp\/v2\/categories?post=23032"},{"taxonomy":"post_tag","embeddable":true,"href":"https:\/\/www.studiogera.de\/001\/wp-json\/wp\/v2\/tags?post=23032"}],"curies":[{"name":"wp","href":"https:\/\/api.w.org\/{rel}","templated":true}]}}