{"id":23034,"date":"2023-02-06T11:52:34","date_gmt":"2023-02-06T10:52:34","guid":{"rendered":"http:\/\/www.studiogera.de\/001\/?p=23034"},"modified":"2023-02-06T11:52:35","modified_gmt":"2023-02-06T10:52:35","slug":"zwei-geraer-unternehmen-fuer-grossen-preis-des-mittelstandes-nominiert","status":"publish","type":"post","link":"https:\/\/www.studiogera.de\/001\/2023\/02\/06\/zwei-geraer-unternehmen-fuer-grossen-preis-des-mittelstandes-nominiert\/","title":{"rendered":"ZWEI GERAER UNTERNEHMEN F\u00dcR GROSSEN PREIS DES MITTELSTANDES NOMINIERT"},"content":{"rendered":"\n<p>Die Abteilung Wirtschaftsf\u00f6rderung der Stadtverwaltung reichte f\u00fcr die Fischer Academy GmbH und die ad hoc best services GmbH eine Empfehlung f\u00fcr den Gro\u00dfen Preis des Mittelstandes ein. Allein die Nominierung f\u00fcr den Award hat einen gro\u00dfen Stellenwert unter der \u00fcberregionalen Unternehmerschaft. Petra Ra\u00dfmann, Leiterin der Abteilung Wirtschaftsf\u00f6rderung, erkl\u00e4rt:<\/p>\n\n\n\n<blockquote class=\"wp-block-quote is-layout-flow wp-block-quote-is-layout-flow\">\n<p>\u201eMit dieser Auszeichnung wird die Aufmerksamkeit und der Respekt gegen\u00fcber dem Mittelstand gef\u00f6rdert und das Image der nominierten Unternehmen nachhaltig gest\u00e4rkt. Er ist bundesweit anerkannt und setzt sich f\u00fcr die Wertsch\u00e4tzung unternehmerischen Engagements ein. Aus diesem Grund haben wir uns beteiligt und aktiv als Wirtschaftsf\u00f6rderung zwei Geraer Unternehmen in den Ring geworfen. So unterst\u00fctzen wir regionales Standortmarketing, setzen uns als kommunale Stimme f\u00fcr die Wirtschaft ein und geben den beiden Playern hier R\u00fcckenwind. Wir dr\u00fccken die Daumen!\u201c<\/p>\n<\/blockquote>\n\n\n\n<p>Der Wettbewerb fand 1994 erstmals statt und hat sich bis heute in Fachkreisen als deutschlandweit gefragteste Auszeichnung des Mittelstandes etabliert.<\/p>\n\n\n\n<p>QUELLE: STADTVERWALTUNG<\/p>\n","protected":false},"excerpt":{"rendered":"<div class=\"mh-excerpt\"><p>Die Abteilung Wirtschaftsf\u00f6rderung der Stadtverwaltung reichte f\u00fcr die Fischer Academy GmbH und die ad hoc best services GmbH eine Empfehlung f\u00fcr den Gro\u00dfen Preis des Mittelstandes ein. Allein die Nominierung f\u00fcr den Award hat einen <a class=\"mh-excerpt-more\" href=\"https:\/\/www.studiogera.de\/001\/2023\/02\/06\/zwei-geraer-unternehmen-fuer-grossen-preis-des-mittelstandes-nominiert\/\" title=\"ZWEI GERAER UNTERNEHMEN F\u00dcR GROSSEN PREIS DES MITTELSTANDES NOMINIERT\">[&#8230;]<\/a><\/p>\n<\/div>","protected":false},"author":2,"featured_media":23035,"comment_status":"open","ping_status":"open","sticky":false,"template":"","format":"standard","meta":{"footnotes":""},"categories":[4],"tags":[],"class_list":{"0":"post-23034","1":"post","2":"type-post","3":"status-publish","4":"format-standard","5":"has-post-thumbnail","7":"category-wirtschaft"},"_links":{"self":[{"href":"https:\/\/www.studiogera.de\/001\/wp-json\/wp\/v2\/posts\/23034","targetHints":{"allow":["GET"]}}],"collection":[{"href":"https:\/\/www.studiogera.de\/001\/wp-json\/wp\/v2\/posts"}],"about":[{"href":"https:\/\/www.studiogera.de\/001\/wp-json\/wp\/v2\/types\/post"}],"author":[{"embeddable":true,"href":"https:\/\/www.studiogera.de\/001\/wp-json\/wp\/v2\/users\/2"}],"replies":[{"embeddable":true,"href":"https:\/\/www.studiogera.de\/001\/wp-json\/wp\/v2\/comments?post=23034"}],"version-history":[{"count":1,"href":"https:\/\/www.studiogera.de\/001\/wp-json\/wp\/v2\/posts\/23034\/revisions"}],"predecessor-version":[{"id":23036,"href":"https:\/\/www.studiogera.de\/001\/wp-json\/wp\/v2\/posts\/23034\/revisions\/23036"}],"wp:featuredmedia":[{"embeddable":true,"href":"https:\/\/www.studiogera.de\/001\/wp-json\/wp\/v2\/media\/23035"}],"wp:attachment":[{"href":"https:\/\/www.studiogera.de\/001\/wp-json\/wp\/v2\/media?parent=23034"}],"wp:term":[{"taxonomy":"category","embeddable":true,"href":"https:\/\/www.studiogera.de\/001\/wp-json\/wp\/v2\/categories?post=23034"},{"taxonomy":"post_tag","embeddable":true,"href":"https:\/\/www.studiogera.de\/001\/wp-json\/wp\/v2\/tags?post=23034"}],"curies":[{"name":"wp","href":"https:\/\/api.w.org\/{rel}","templated":true}]}}