{"id":23175,"date":"2023-02-24T00:10:00","date_gmt":"2023-02-23T23:10:00","guid":{"rendered":"http:\/\/www.studiogera.de\/001\/?p=23175"},"modified":"2023-02-13T21:32:16","modified_gmt":"2023-02-13T20:32:16","slug":"vortrag-zum-humanitaeren-voelkerrecht","status":"publish","type":"post","link":"https:\/\/www.studiogera.de\/001\/2023\/02\/24\/vortrag-zum-humanitaeren-voelkerrecht\/","title":{"rendered":"VORTRAG ZUM HUMANIT\u00c4REN V\u00d6LKERRECHT"},"content":{"rendered":"\n<p>Ein Vortrag zum humanit\u00e4ren V\u00f6lkerrecht mit anschlie\u00dfender Diskussion findet am Freitag, den 24. Februar 2023, um 17 Uhr, in der Stadt- und Regionalbibliothek Gera statt. In dieser Veranstaltung soll ein Einblick in das humanit\u00e4re V\u00f6lkerrecht gegeben und die Frage gekl\u00e4rt werden: Was ist das humanit\u00e4re V\u00f6lkerrecht und wie wirkt es? Verbunden wird dies mit einem Blick auf die aktuellen Aktivit\u00e4ten der internationalen Rotkreuz- und Rothalbmond-Bewegung. Referent ist der Rechtsanwalt Michael Sieland aus Bergisch Gladbach. Er ist ehrenamtlich als Konventionsbeauftragter im Deutschen Roten Kreuz Landesverband Nordrhein e. V. aktiv. Durch das DRK-Generalsekretariat wird er als Verbindungspersonen zu Bundesministerien und Bundesbeh\u00f6rden, so auch zum Bundesministerium des Inneren und f\u00fcr Heimat, eingesetzt. Seine Erfahrungen in zahlreichen Auslandseins\u00e4tzen gibt er in der Ausbildung von DRK-Auslandskr\u00e4ften und in Vortr\u00e4gen weiter.<\/p>\n\n\n\n<p>Die Veranstaltung findet in Kooperation mit der Rosa-Luxemburg-Stiftung und Marc Brade statt. Der Eintritt ist frei.<\/p>\n\n\n\n<p>QUELLE: STADTVERWALTUNG\/MARC BRADE<\/p>\n","protected":false},"excerpt":{"rendered":"<div class=\"mh-excerpt\"><p>Ein Vortrag zum humanit\u00e4ren V\u00f6lkerrecht mit anschlie\u00dfender Diskussion findet am Freitag, den 24. Februar 2023, um 17 Uhr, in der Stadt- und Regionalbibliothek Gera statt. In dieser Veranstaltung soll ein Einblick in das humanit\u00e4re V\u00f6lkerrecht <a class=\"mh-excerpt-more\" href=\"https:\/\/www.studiogera.de\/001\/2023\/02\/24\/vortrag-zum-humanitaeren-voelkerrecht\/\" title=\"VORTRAG ZUM HUMANIT\u00c4REN V\u00d6LKERRECHT\">[&#8230;]<\/a><\/p>\n<\/div>","protected":false},"author":2,"featured_media":23176,"comment_status":"open","ping_status":"open","sticky":false,"template":"","format":"standard","meta":{"footnotes":""},"categories":[16],"tags":[],"class_list":{"0":"post-23175","1":"post","2":"type-post","3":"status-publish","4":"format-standard","5":"has-post-thumbnail","7":"category-kurzmitteilungen"},"_links":{"self":[{"href":"https:\/\/www.studiogera.de\/001\/wp-json\/wp\/v2\/posts\/23175","targetHints":{"allow":["GET"]}}],"collection":[{"href":"https:\/\/www.studiogera.de\/001\/wp-json\/wp\/v2\/posts"}],"about":[{"href":"https:\/\/www.studiogera.de\/001\/wp-json\/wp\/v2\/types\/post"}],"author":[{"embeddable":true,"href":"https:\/\/www.studiogera.de\/001\/wp-json\/wp\/v2\/users\/2"}],"replies":[{"embeddable":true,"href":"https:\/\/www.studiogera.de\/001\/wp-json\/wp\/v2\/comments?post=23175"}],"version-history":[{"count":1,"href":"https:\/\/www.studiogera.de\/001\/wp-json\/wp\/v2\/posts\/23175\/revisions"}],"predecessor-version":[{"id":23177,"href":"https:\/\/www.studiogera.de\/001\/wp-json\/wp\/v2\/posts\/23175\/revisions\/23177"}],"wp:featuredmedia":[{"embeddable":true,"href":"https:\/\/www.studiogera.de\/001\/wp-json\/wp\/v2\/media\/23176"}],"wp:attachment":[{"href":"https:\/\/www.studiogera.de\/001\/wp-json\/wp\/v2\/media?parent=23175"}],"wp:term":[{"taxonomy":"category","embeddable":true,"href":"https:\/\/www.studiogera.de\/001\/wp-json\/wp\/v2\/categories?post=23175"},{"taxonomy":"post_tag","embeddable":true,"href":"https:\/\/www.studiogera.de\/001\/wp-json\/wp\/v2\/tags?post=23175"}],"curies":[{"name":"wp","href":"https:\/\/api.w.org\/{rel}","templated":true}]}}