{"id":23191,"date":"2023-02-14T19:16:21","date_gmt":"2023-02-14T18:16:21","guid":{"rendered":"http:\/\/www.studiogera.de\/001\/?p=23191"},"modified":"2023-02-14T19:16:22","modified_gmt":"2023-02-14T18:16:22","slug":"vu-zwischen-pkw-und-linienbus-in-der-strasse-des-bergmanns","status":"publish","type":"post","link":"https:\/\/www.studiogera.de\/001\/2023\/02\/14\/vu-zwischen-pkw-und-linienbus-in-der-strasse-des-bergmanns\/","title":{"rendered":"VU ZWISCHEN PKW UND LINIENBUS IN DER STRASSE DES BERGMANNS"},"content":{"rendered":"\n<p>Am Montagmorgen, den 13. Februar 2023, ereignete sich gegen 8.50 Uhr ein Verkehrsunfall zwischen einem Linienbus MAN und einem PKW VW in der Altenburger Stra\u00dfe Ecke Stra\u00dfe des Bergmanns. Infolge des Zusammensto\u00df wurde eine 44-j\u00e4hrige Insassin des Busses leicht verletzt und anschlie\u00dfend in ein Klinikum verbracht. An beiden Fahrzeugen entstand Sachschaden. Die Stra\u00dfe war bis zur Bergung der Fahrzeuge gesperrt.<\/p>\n","protected":false},"excerpt":{"rendered":"<div class=\"mh-excerpt\"><p>Am Montagmorgen, den 13. Februar 2023, ereignete sich gegen 8.50 Uhr ein Verkehrsunfall zwischen einem Linienbus MAN und einem PKW VW in der Altenburger Stra\u00dfe Ecke Stra\u00dfe des Bergmanns. Infolge des Zusammensto\u00df wurde eine 44-j\u00e4hrige <a class=\"mh-excerpt-more\" href=\"https:\/\/www.studiogera.de\/001\/2023\/02\/14\/vu-zwischen-pkw-und-linienbus-in-der-strasse-des-bergmanns\/\" title=\"VU ZWISCHEN PKW UND LINIENBUS IN DER STRASSE DES BERGMANNS\">[&#8230;]<\/a><\/p>\n<\/div>","protected":false},"author":2,"featured_media":9353,"comment_status":"open","ping_status":"open","sticky":false,"template":"","format":"standard","meta":{"footnotes":""},"categories":[13],"tags":[],"class_list":{"0":"post-23191","1":"post","2":"type-post","3":"status-publish","4":"format-standard","5":"has-post-thumbnail","7":"category-polizeiberichte"},"_links":{"self":[{"href":"https:\/\/www.studiogera.de\/001\/wp-json\/wp\/v2\/posts\/23191","targetHints":{"allow":["GET"]}}],"collection":[{"href":"https:\/\/www.studiogera.de\/001\/wp-json\/wp\/v2\/posts"}],"about":[{"href":"https:\/\/www.studiogera.de\/001\/wp-json\/wp\/v2\/types\/post"}],"author":[{"embeddable":true,"href":"https:\/\/www.studiogera.de\/001\/wp-json\/wp\/v2\/users\/2"}],"replies":[{"embeddable":true,"href":"https:\/\/www.studiogera.de\/001\/wp-json\/wp\/v2\/comments?post=23191"}],"version-history":[{"count":1,"href":"https:\/\/www.studiogera.de\/001\/wp-json\/wp\/v2\/posts\/23191\/revisions"}],"predecessor-version":[{"id":23192,"href":"https:\/\/www.studiogera.de\/001\/wp-json\/wp\/v2\/posts\/23191\/revisions\/23192"}],"wp:featuredmedia":[{"embeddable":true,"href":"https:\/\/www.studiogera.de\/001\/wp-json\/wp\/v2\/media\/9353"}],"wp:attachment":[{"href":"https:\/\/www.studiogera.de\/001\/wp-json\/wp\/v2\/media?parent=23191"}],"wp:term":[{"taxonomy":"category","embeddable":true,"href":"https:\/\/www.studiogera.de\/001\/wp-json\/wp\/v2\/categories?post=23191"},{"taxonomy":"post_tag","embeddable":true,"href":"https:\/\/www.studiogera.de\/001\/wp-json\/wp\/v2\/tags?post=23191"}],"curies":[{"name":"wp","href":"https:\/\/api.w.org\/{rel}","templated":true}]}}