{"id":23283,"date":"2023-02-17T17:22:12","date_gmt":"2023-02-17T16:22:12","guid":{"rendered":"http:\/\/www.studiogera.de\/001\/?p=23283"},"modified":"2023-02-17T17:22:14","modified_gmt":"2023-02-17T16:22:14","slug":"fruehjahrserwachen-im-botanischen-garten","status":"publish","type":"post","link":"https:\/\/www.studiogera.de\/001\/2023\/02\/17\/fruehjahrserwachen-im-botanischen-garten\/","title":{"rendered":"FR\u00dcHJAHRSERWACHEN IM BOTANISCHEN GARTEN"},"content":{"rendered":"\n<p>Am 18. M\u00e4rz 2023 um 10.30 Uhr sowie um 14 Uhr gibt es im Botanischen Garten Gera bei einer rund einst\u00fcndigen F\u00fchrung die M\u00f6glichkeit, die Vielfalt der Fr\u00fchbl\u00fcher, ihre Formen und \u00dcberlebensstrategien kennen zu lernen. Die F\u00fchrung beginnt vor dem Turmhaus. In jedem Jahr zeigen sich im Botanischen Garten Gera die Vorboten des Fr\u00fchlings und h\u00fcllen den Garten in die erste bunte Pracht des Jahres. W\u00e4hrend ein Gro\u00dfteil der Pflanzen noch keine Bl\u00e4tter oder Bl\u00fcten treibt, lockt eine Vielzahl von Fr\u00fchbl\u00fchern die ersten Best\u00e4uber an und beendet die winterliche Eint\u00f6nigkeit.<\/p>\n\n\n\n<p>Unter Fr\u00fchjahrsbl\u00fchern versteht man Pflanzen, die in jahreszeitlich gepr\u00e4gten Regionen im zeitigen Fr\u00fchjahr, also sp\u00e4testens Anfang Mai, bl\u00fchen. Das Besondere bei diesen Pflanzen ist, dass sie die F\u00e4higkeit haben schon kurz nach der winterlichen Ruheperiode zu bl\u00fchen. Die bekanntesten Fr\u00fchjahrsbl\u00fcher sind ausdauernde Arten, die Reservestoffe in unterirdischen Speicherorganen, wie Zwiebeln oder Knollen, einlagern, so den Winter \u00fcberdauern und im Fr\u00fchjahr in k\u00fcrzester Zeit die bereits angelegten Knospen austreiben k\u00f6nnen. Doch auch einj\u00e4hrige Arten k\u00f6nnen im Fr\u00fchjahr bereits zur Bl\u00fcte kommen. Sie wachsen als Rosette bodennah im Winter, bl\u00fchen im zeitigen Fr\u00fchjahr und bilden Samen. Die f\u00fcr sie ung\u00fcnstige trockene Jahreszeit, den Sommer, \u00fcberdauern sie gesch\u00fctzt in Form von Samen, die erst im Herbst wieder keimen. Das \u201eFr\u00fchbl\u00fchen\u201c hat sich also aus verschiedenen Notwendigkeiten in den verschiedensten Pflanzengruppen entwickelt und wird durch eine gro\u00dfe Vielfalt spezieller Anpassungen erm\u00f6glicht.<\/p>\n\n\n\n<p>QUELLE: STADTVERWALTUNG<\/p>\n","protected":false},"excerpt":{"rendered":"<div class=\"mh-excerpt\"><p>Am 18. M\u00e4rz 2023 um 10.30 Uhr sowie um 14 Uhr gibt es im Botanischen Garten Gera bei einer rund einst\u00fcndigen F\u00fchrung die M\u00f6glichkeit, die Vielfalt der Fr\u00fchbl\u00fcher, ihre Formen und \u00dcberlebensstrategien kennen zu lernen. <a class=\"mh-excerpt-more\" href=\"https:\/\/www.studiogera.de\/001\/2023\/02\/17\/fruehjahrserwachen-im-botanischen-garten\/\" title=\"FR\u00dcHJAHRSERWACHEN IM BOTANISCHEN GARTEN\">[&#8230;]<\/a><\/p>\n<\/div>","protected":false},"author":2,"featured_media":23284,"comment_status":"open","ping_status":"open","sticky":false,"template":"","format":"standard","meta":{"footnotes":""},"categories":[8],"tags":[],"class_list":{"0":"post-23283","1":"post","2":"type-post","3":"status-publish","4":"format-standard","5":"has-post-thumbnail","7":"category-kultur"},"_links":{"self":[{"href":"https:\/\/www.studiogera.de\/001\/wp-json\/wp\/v2\/posts\/23283","targetHints":{"allow":["GET"]}}],"collection":[{"href":"https:\/\/www.studiogera.de\/001\/wp-json\/wp\/v2\/posts"}],"about":[{"href":"https:\/\/www.studiogera.de\/001\/wp-json\/wp\/v2\/types\/post"}],"author":[{"embeddable":true,"href":"https:\/\/www.studiogera.de\/001\/wp-json\/wp\/v2\/users\/2"}],"replies":[{"embeddable":true,"href":"https:\/\/www.studiogera.de\/001\/wp-json\/wp\/v2\/comments?post=23283"}],"version-history":[{"count":1,"href":"https:\/\/www.studiogera.de\/001\/wp-json\/wp\/v2\/posts\/23283\/revisions"}],"predecessor-version":[{"id":23285,"href":"https:\/\/www.studiogera.de\/001\/wp-json\/wp\/v2\/posts\/23283\/revisions\/23285"}],"wp:featuredmedia":[{"embeddable":true,"href":"https:\/\/www.studiogera.de\/001\/wp-json\/wp\/v2\/media\/23284"}],"wp:attachment":[{"href":"https:\/\/www.studiogera.de\/001\/wp-json\/wp\/v2\/media?parent=23283"}],"wp:term":[{"taxonomy":"category","embeddable":true,"href":"https:\/\/www.studiogera.de\/001\/wp-json\/wp\/v2\/categories?post=23283"},{"taxonomy":"post_tag","embeddable":true,"href":"https:\/\/www.studiogera.de\/001\/wp-json\/wp\/v2\/tags?post=23283"}],"curies":[{"name":"wp","href":"https:\/\/api.w.org\/{rel}","templated":true}]}}