{"id":23309,"date":"2023-02-18T13:38:11","date_gmt":"2023-02-18T12:38:11","guid":{"rendered":"http:\/\/www.studiogera.de\/001\/?p=23309"},"modified":"2023-02-18T13:38:12","modified_gmt":"2023-02-18T12:38:12","slug":"gruene-politiker-fordern-kurswechsel-in-der-migrationspolitik","status":"publish","type":"post","link":"https:\/\/www.studiogera.de\/001\/2023\/02\/18\/gruene-politiker-fordern-kurswechsel-in-der-migrationspolitik\/","title":{"rendered":"GR\u00dcNE POLITIKER FORDERN KURSWECHSEL IN DER MIGRATIONSPOLITIK"},"content":{"rendered":"\n<p>Die anhaltende Zuwanderung bringt mittlerweile viele Kommunen an ihre Grenzen. Die Unterbringungsm\u00f6glichkeiten sind begrenzt, der bezahlbare Wohnraum wird immer knapper; es gibt Probleme bei der Eingliederung in das Bildungssystem, und zudem ist die Infrastruktur oftmals nicht f\u00fcr den deutlichen Zuwachs an Menschen ausgelegt. Von der Politik in Berlin hatten sich die Kommunen deutlich mehr Unterst\u00fctzung erhofft, wurden aber entt\u00e4uscht.<\/p>\n\n\n\n<p>In Deutschland wurden im Jahr 2022 rund 1,1\u00a0Millionen Zuz\u00fcge von Menschen aus der Ukraine erfasst, wie das Statistische Bundesamt mitteilt. Die Nettozuwanderung aus der Ukraine \u00fcbersteigt jene vorheriger Fluchtbewegungen deutlich. Aus Syrien, Afghanistan und dem Irak kamen in den Jahren 2014 bis 2016 zusammengerechnet netto 834&#8217;000 Menschen nach Deutschland.<\/p>\n\n\n\n<p>Inzwischen l\u00e4sst auch das Engagement unter den B\u00fcrgern deutlich nach. Die Hilfsbereitschaft ist stark zur\u00fcckgegangen. Vermisst wird ein Konzept, wie die Einwanderung gestaltet werden soll. Viele gewinnen mittlerweile den Eindruck, es gehe in erster Linie nur um eine quantitative Zuwanderung, ohne dass \u00fcber die negativen Begleiterscheinungen diskutiert werden darf, welche sich immer deutlicher zeigen.<\/p>\n\n\n\n<p>Mittlerweile gibt es sogar unter den Gr\u00fcnen mehrere Politiker, die die gegenw\u00e4rtige Migrationspolitik nicht mehr mittragen wollen. Bereits im Jahre 2020 entstand die Gruppe \u201eVert-Realos\u201c. Sie fordert eine Kurskorrektur und hat ein siebenseitiges \u201eMemorandum f\u00fcr eine andere Migrationspolitik in Deutschland\u201c aufgesetzt.<\/p>\n\n\n\n<p><a href=\"https:\/\/vert-realos.de\/\">https:\/\/vert-realos.de\/<\/a><\/p>\n\n\n\n<p>Konkret sprechen sich die Unterzeichner f\u00fcr \u201everpflichtende Aufenthaltszonen\u201c an der Grenze sowie ein Einwanderungskonzept f\u00fcr Wirtschaftsmigranten aus. Zu den Verfasern geh\u00f6rt T\u00fcbingens Oberb\u00fcrgermeister Boris Palmer. Mittlerweile gibt es mehr als 50 Unterzeichner.<\/p>\n\n\n\n<p>Die Vert-Realos verstehen sich als die Gruppe entschiedener Realpolitiker innerhalb des Realo-Fl\u00fcgels von B\u00fcndnis &#8217;90\/Die Gr\u00fcnen, ist der Webseite zu entnehmen. Sie wollen die Gr\u00fcnen als freiheitliche und \u00f6kologische Verantwortungs- und Gestaltungspartei in der Mitte der Gesellschaft positionieren.<\/p>\n","protected":false},"excerpt":{"rendered":"<div class=\"mh-excerpt\"><p>Die anhaltende Zuwanderung bringt mittlerweile viele Kommunen an ihre Grenzen. Die Unterbringungsm\u00f6glichkeiten sind begrenzt, der bezahlbare Wohnraum wird immer knapper; es gibt Probleme bei der Eingliederung in das Bildungssystem, und zudem ist die Infrastruktur oftmals <a class=\"mh-excerpt-more\" href=\"https:\/\/www.studiogera.de\/001\/2023\/02\/18\/gruene-politiker-fordern-kurswechsel-in-der-migrationspolitik\/\" title=\"GR\u00dcNE POLITIKER FORDERN KURSWECHSEL IN DER MIGRATIONSPOLITIK\">[&#8230;]<\/a><\/p>\n<\/div>","protected":false},"author":2,"featured_media":23312,"comment_status":"open","ping_status":"open","sticky":false,"template":"","format":"standard","meta":{"footnotes":""},"categories":[2],"tags":[],"class_list":{"0":"post-23309","1":"post","2":"type-post","3":"status-publish","4":"format-standard","5":"has-post-thumbnail","7":"category-weltweit"},"_links":{"self":[{"href":"https:\/\/www.studiogera.de\/001\/wp-json\/wp\/v2\/posts\/23309","targetHints":{"allow":["GET"]}}],"collection":[{"href":"https:\/\/www.studiogera.de\/001\/wp-json\/wp\/v2\/posts"}],"about":[{"href":"https:\/\/www.studiogera.de\/001\/wp-json\/wp\/v2\/types\/post"}],"author":[{"embeddable":true,"href":"https:\/\/www.studiogera.de\/001\/wp-json\/wp\/v2\/users\/2"}],"replies":[{"embeddable":true,"href":"https:\/\/www.studiogera.de\/001\/wp-json\/wp\/v2\/comments?post=23309"}],"version-history":[{"count":3,"href":"https:\/\/www.studiogera.de\/001\/wp-json\/wp\/v2\/posts\/23309\/revisions"}],"predecessor-version":[{"id":23313,"href":"https:\/\/www.studiogera.de\/001\/wp-json\/wp\/v2\/posts\/23309\/revisions\/23313"}],"wp:featuredmedia":[{"embeddable":true,"href":"https:\/\/www.studiogera.de\/001\/wp-json\/wp\/v2\/media\/23312"}],"wp:attachment":[{"href":"https:\/\/www.studiogera.de\/001\/wp-json\/wp\/v2\/media?parent=23309"}],"wp:term":[{"taxonomy":"category","embeddable":true,"href":"https:\/\/www.studiogera.de\/001\/wp-json\/wp\/v2\/categories?post=23309"},{"taxonomy":"post_tag","embeddable":true,"href":"https:\/\/www.studiogera.de\/001\/wp-json\/wp\/v2\/tags?post=23309"}],"curies":[{"name":"wp","href":"https:\/\/api.w.org\/{rel}","templated":true}]}}