{"id":23381,"date":"2023-02-24T10:18:39","date_gmt":"2023-02-24T09:18:39","guid":{"rendered":"http:\/\/www.studiogera.de\/001\/?p=23381"},"modified":"2023-02-24T10:18:41","modified_gmt":"2023-02-24T09:18:41","slug":"zahlen-zum-internationalen-tag-der-muttersprache","status":"publish","type":"post","link":"https:\/\/www.studiogera.de\/001\/2023\/02\/24\/zahlen-zum-internationalen-tag-der-muttersprache\/","title":{"rendered":"ZAHLEN ZUM INTERNATIONALEN TAG DER MUTTERSPRACHE"},"content":{"rendered":"\n<p>Knapp 80 % der rund 82,3 Millionen in Privathaushalten lebenden Menschen hierzulande sprechen ausschlie\u00dflich Deutsch in den eigenen vier W\u00e4nden. Danach folgten Russisch (13 %), Arabisch (10 %), Polnisch (7 %) und Englisch (6 %). Das teilte das Statistische Bundesamt anl\u00e4sslich des Internationalen Tages der Muttersprache am 21. Februar 2023 nach Ergebnissen des Mikrozensus 2021 mit.<\/p>\n\n\n\n<p><a href=\"https:\/\/www.destatis.de\/DE\/Presse\/Pressemitteilungen\/Zahl-der-Woche\/2023\/PD23_08_p002.html\">https:\/\/www.destatis.de\/DE\/Presse\/Pressemitteilungen\/Zahl-der-Woche\/2023\/PD23_08_p002.html<\/a><\/p>\n\n\n\n<p>Weitere 15 % waren Mehrsprachler, die zu Hause neben Deutsch noch mindestens eine weitere Sprache nutzten. W\u00e4hrend f\u00fcr knapp ein Drittel von ihnen Deutsch die vorwiegend gesprochene Sprache im Haushalt war, verst\u00e4ndigten sich gut zwei Drittel haupts\u00e4chlich mit Hilfe einer anderen Sprache. Die restlichen 5 % sprachen im Haushalt kein Deutsch, sondern ausschlie\u00dflich eine oder mehrere andere Sprachen.<\/p>\n\n\n\n<p>Unter den Personen, die zu Hause vorwiegend eine andere Sprache als Deutsch zur Kommunikation nutzten, war T\u00fcrkisch mit 15 % die am h\u00e4ufigsten gesprochene Sprache. Danach folgten Russisch (13 %), Arabisch (10 %), Polnisch (7 %) und Englisch (6 %). Da es sich um Ergebnisse des Mikrozensus 2021 handelt, sind m\u00f6gliche Auswirkungen der Bev\u00f6lkerungsentwicklung in Deutschland infolge des russischen Angriffs auf die Ukraine noch nicht abgebildet.<\/p>\n\n\n\n<p>Deutsch wird auch von vielen Personen mit Migrationshintergrund zur Kommunikation im eigenen Haushalt genutzt: So sprach knapp ein Drittel (32 %) der rund 22,6 Millionen Personen mit Migrationshintergrund ausschlie\u00dflich Deutsch zu Hause. Die H\u00e4lfte (50 %) griff neben Deutsch noch auf mindestens eine weitere Sprache zur Verst\u00e4ndigung mit Haushaltsangeh\u00f6rigen zur\u00fcck. Weitere 18 % der Personen mit Migrationshintergrund sprachen zu Hause ausschlie\u00dflich eine oder mehrere andere Sprachen als Deutsch.<\/p>\n","protected":false},"excerpt":{"rendered":"<div class=\"mh-excerpt\"><p>Knapp 80 % der rund 82,3 Millionen in Privathaushalten lebenden Menschen hierzulande sprechen ausschlie\u00dflich Deutsch in den eigenen vier W\u00e4nden. Danach folgten Russisch (13 %), Arabisch (10 %), Polnisch (7 %) und Englisch (6 %). <a class=\"mh-excerpt-more\" href=\"https:\/\/www.studiogera.de\/001\/2023\/02\/24\/zahlen-zum-internationalen-tag-der-muttersprache\/\" title=\"ZAHLEN ZUM INTERNATIONALEN TAG DER MUTTERSPRACHE\">[&#8230;]<\/a><\/p>\n<\/div>","protected":false},"author":2,"featured_media":23382,"comment_status":"open","ping_status":"open","sticky":false,"template":"","format":"standard","meta":{"footnotes":""},"categories":[6],"tags":[],"class_list":{"0":"post-23381","1":"post","2":"type-post","3":"status-publish","4":"format-standard","5":"has-post-thumbnail","7":"category-gesellschaft"},"_links":{"self":[{"href":"https:\/\/www.studiogera.de\/001\/wp-json\/wp\/v2\/posts\/23381","targetHints":{"allow":["GET"]}}],"collection":[{"href":"https:\/\/www.studiogera.de\/001\/wp-json\/wp\/v2\/posts"}],"about":[{"href":"https:\/\/www.studiogera.de\/001\/wp-json\/wp\/v2\/types\/post"}],"author":[{"embeddable":true,"href":"https:\/\/www.studiogera.de\/001\/wp-json\/wp\/v2\/users\/2"}],"replies":[{"embeddable":true,"href":"https:\/\/www.studiogera.de\/001\/wp-json\/wp\/v2\/comments?post=23381"}],"version-history":[{"count":1,"href":"https:\/\/www.studiogera.de\/001\/wp-json\/wp\/v2\/posts\/23381\/revisions"}],"predecessor-version":[{"id":23383,"href":"https:\/\/www.studiogera.de\/001\/wp-json\/wp\/v2\/posts\/23381\/revisions\/23383"}],"wp:featuredmedia":[{"embeddable":true,"href":"https:\/\/www.studiogera.de\/001\/wp-json\/wp\/v2\/media\/23382"}],"wp:attachment":[{"href":"https:\/\/www.studiogera.de\/001\/wp-json\/wp\/v2\/media?parent=23381"}],"wp:term":[{"taxonomy":"category","embeddable":true,"href":"https:\/\/www.studiogera.de\/001\/wp-json\/wp\/v2\/categories?post=23381"},{"taxonomy":"post_tag","embeddable":true,"href":"https:\/\/www.studiogera.de\/001\/wp-json\/wp\/v2\/tags?post=23381"}],"curies":[{"name":"wp","href":"https:\/\/api.w.org\/{rel}","templated":true}]}}