{"id":23447,"date":"2023-02-27T23:28:19","date_gmt":"2023-02-27T22:28:19","guid":{"rendered":"http:\/\/www.studiogera.de\/001\/?p=23447"},"modified":"2023-02-27T23:28:20","modified_gmt":"2023-02-27T22:28:20","slug":"grosser-sachschaden-durch-vu-bei-poersdorf","status":"publish","type":"post","link":"https:\/\/www.studiogera.de\/001\/2023\/02\/27\/grosser-sachschaden-durch-vu-bei-poersdorf\/","title":{"rendered":"GROSSER SACHSCHADEN DURCH VU BEI P\u00d6RSDORF"},"content":{"rendered":"\n<p>Sonntagmittag am 26. Februar 2023 r\u00fcckten Polizei, Rettungsdienst, Feuerwehr und letzten Endes zwei Abschleppdienste zur Landstra\u00dfe 1070 bei P\u00f6rsdorf aus, nachdem es dort zu einem Verkehrsunfall mit zwei beteiligten Fahrzeugen gekommen war. Gegen 11 Uhr kam es hier zu einem Auffahrunfall zwischen zwei Kleintransportern, wobei beide Fahrzeuge nicht mehr fahrt\u00fcchtig waren und abgeschleppt werden mussten. Der Sachschaden an beiden Fahrzeugen wird jeweils \u00fcber zehntausend Euro gesch\u00e4tzt. Der 25-j\u00e4hrige Fahrer eines der beiden Transporter wurde zudem leicht verletzt. Desweiteren stand dieser unter dem Einfluss von Alkohol, so dass er in ein Krankenhaus kam. Die Geraer Polizei hat die Ermittlungen zum Unfall aufgenommen.<\/p>\n","protected":false},"excerpt":{"rendered":"<div class=\"mh-excerpt\"><p>Sonntagmittag am 26. Februar 2023 r\u00fcckten Polizei, Rettungsdienst, Feuerwehr und letzten Endes zwei Abschleppdienste zur Landstra\u00dfe 1070 bei P\u00f6rsdorf aus, nachdem es dort zu einem Verkehrsunfall mit zwei beteiligten Fahrzeugen gekommen war. Gegen 11 Uhr <a class=\"mh-excerpt-more\" href=\"https:\/\/www.studiogera.de\/001\/2023\/02\/27\/grosser-sachschaden-durch-vu-bei-poersdorf\/\" title=\"GROSSER SACHSCHADEN DURCH VU BEI P\u00d6RSDORF\">[&#8230;]<\/a><\/p>\n<\/div>","protected":false},"author":3,"featured_media":9353,"comment_status":"open","ping_status":"open","sticky":false,"template":"","format":"standard","meta":{"footnotes":""},"categories":[13],"tags":[],"class_list":{"0":"post-23447","1":"post","2":"type-post","3":"status-publish","4":"format-standard","5":"has-post-thumbnail","7":"category-polizeiberichte"},"_links":{"self":[{"href":"https:\/\/www.studiogera.de\/001\/wp-json\/wp\/v2\/posts\/23447","targetHints":{"allow":["GET"]}}],"collection":[{"href":"https:\/\/www.studiogera.de\/001\/wp-json\/wp\/v2\/posts"}],"about":[{"href":"https:\/\/www.studiogera.de\/001\/wp-json\/wp\/v2\/types\/post"}],"author":[{"embeddable":true,"href":"https:\/\/www.studiogera.de\/001\/wp-json\/wp\/v2\/users\/3"}],"replies":[{"embeddable":true,"href":"https:\/\/www.studiogera.de\/001\/wp-json\/wp\/v2\/comments?post=23447"}],"version-history":[{"count":1,"href":"https:\/\/www.studiogera.de\/001\/wp-json\/wp\/v2\/posts\/23447\/revisions"}],"predecessor-version":[{"id":23448,"href":"https:\/\/www.studiogera.de\/001\/wp-json\/wp\/v2\/posts\/23447\/revisions\/23448"}],"wp:featuredmedia":[{"embeddable":true,"href":"https:\/\/www.studiogera.de\/001\/wp-json\/wp\/v2\/media\/9353"}],"wp:attachment":[{"href":"https:\/\/www.studiogera.de\/001\/wp-json\/wp\/v2\/media?parent=23447"}],"wp:term":[{"taxonomy":"category","embeddable":true,"href":"https:\/\/www.studiogera.de\/001\/wp-json\/wp\/v2\/categories?post=23447"},{"taxonomy":"post_tag","embeddable":true,"href":"https:\/\/www.studiogera.de\/001\/wp-json\/wp\/v2\/tags?post=23447"}],"curies":[{"name":"wp","href":"https:\/\/api.w.org\/{rel}","templated":true}]}}