{"id":23452,"date":"2023-02-28T10:22:32","date_gmt":"2023-02-28T09:22:32","guid":{"rendered":"http:\/\/www.studiogera.de\/001\/?p=23452"},"modified":"2023-02-28T10:22:34","modified_gmt":"2023-02-28T09:22:34","slug":"macht-theater-von-und-mit-tom-pauls","status":"publish","type":"post","link":"https:\/\/www.studiogera.de\/001\/2023\/02\/28\/macht-theater-von-und-mit-tom-pauls\/","title":{"rendered":"\u201eMACHT THEATER\u201c VON UND MIT TOM PAULS"},"content":{"rendered":"\n<p>Tom Pauls, Schauspieler und Kabarettist, geh\u00f6rt zu den Klassikern der Unterhaltungskultur. Mit Politkabarett und Musik-Comedy begeistert der Sachse seine Fans. Auf der B\u00fchne schl\u00fcpft der freche und wortgewandte K\u00fcnstler immer wieder in verschiedene Rollen und bringt sein Publikum so facettenreich zum Lachen und Nachdenken. Am Samstag, den 4. M\u00e4rz 2023, um 19.30 Uhr macht der Entertainer Halt im Konzertsaal Gera und entf\u00fchrt das Publikum mit gro\u00dfem Vergn\u00fcgen hinter die Kulissen der Theaterwelt, berichtet von \u00fcberraschenden Erfolgen und merkw\u00fcrdigen Schicksalen. Darunter wie er die Liebe zum Theater fand, wie der \u201eFaust\u201c seine Wendezeit begleitete und wie seine Figur \u201eIlse B\u00e4hnert\u201c entstand \u2014 nachdenklich und gleichzeitig mit unverwechselbarem Humor.<\/p>\n\n\n\n<p>Eintrittskarten sind an den Theaterkassen sowie \u00fcber die Webseite des Theaters erh\u00e4ltlich. Diese sind unter der Rufnummer 0365 8279105 bzw. 03447 585160 sowie \u00fcber \u201ehttps:\/\/theater-altenburg-gera.de\/\u201d erreichbar.<\/p>\n\n\n\n<p>QUELLE: THEATER ALTENBURG GERA GGMBH<\/p>\n","protected":false},"excerpt":{"rendered":"<div class=\"mh-excerpt\"><p>Tom Pauls, Schauspieler und Kabarettist, geh\u00f6rt zu den Klassikern der Unterhaltungskultur. Mit Politkabarett und Musik-Comedy begeistert der Sachse seine Fans. Auf der B\u00fchne schl\u00fcpft der freche und wortgewandte K\u00fcnstler immer wieder in verschiedene Rollen und <a class=\"mh-excerpt-more\" href=\"https:\/\/www.studiogera.de\/001\/2023\/02\/28\/macht-theater-von-und-mit-tom-pauls\/\" title=\"\u201eMACHT THEATER\u201c VON UND MIT TOM PAULS\">[&#8230;]<\/a><\/p>\n<\/div>","protected":false},"author":2,"featured_media":23453,"comment_status":"open","ping_status":"open","sticky":false,"template":"","format":"standard","meta":{"footnotes":""},"categories":[15],"tags":[],"class_list":{"0":"post-23452","1":"post","2":"type-post","3":"status-publish","4":"format-standard","5":"has-post-thumbnail","7":"category-theater"},"_links":{"self":[{"href":"https:\/\/www.studiogera.de\/001\/wp-json\/wp\/v2\/posts\/23452","targetHints":{"allow":["GET"]}}],"collection":[{"href":"https:\/\/www.studiogera.de\/001\/wp-json\/wp\/v2\/posts"}],"about":[{"href":"https:\/\/www.studiogera.de\/001\/wp-json\/wp\/v2\/types\/post"}],"author":[{"embeddable":true,"href":"https:\/\/www.studiogera.de\/001\/wp-json\/wp\/v2\/users\/2"}],"replies":[{"embeddable":true,"href":"https:\/\/www.studiogera.de\/001\/wp-json\/wp\/v2\/comments?post=23452"}],"version-history":[{"count":1,"href":"https:\/\/www.studiogera.de\/001\/wp-json\/wp\/v2\/posts\/23452\/revisions"}],"predecessor-version":[{"id":23454,"href":"https:\/\/www.studiogera.de\/001\/wp-json\/wp\/v2\/posts\/23452\/revisions\/23454"}],"wp:featuredmedia":[{"embeddable":true,"href":"https:\/\/www.studiogera.de\/001\/wp-json\/wp\/v2\/media\/23453"}],"wp:attachment":[{"href":"https:\/\/www.studiogera.de\/001\/wp-json\/wp\/v2\/media?parent=23452"}],"wp:term":[{"taxonomy":"category","embeddable":true,"href":"https:\/\/www.studiogera.de\/001\/wp-json\/wp\/v2\/categories?post=23452"},{"taxonomy":"post_tag","embeddable":true,"href":"https:\/\/www.studiogera.de\/001\/wp-json\/wp\/v2\/tags?post=23452"}],"curies":[{"name":"wp","href":"https:\/\/api.w.org\/{rel}","templated":true}]}}