{"id":23455,"date":"2023-02-28T10:28:07","date_gmt":"2023-02-28T09:28:07","guid":{"rendered":"http:\/\/www.studiogera.de\/001\/?p=23455"},"modified":"2023-02-28T10:28:09","modified_gmt":"2023-02-28T09:28:09","slug":"vi-philharmonisches-konzert-in-gera-und-altenburg-2","status":"publish","type":"post","link":"https:\/\/www.studiogera.de\/001\/2023\/02\/28\/vi-philharmonisches-konzert-in-gera-und-altenburg-2\/","title":{"rendered":"VI. PHILHARMONISCHES KONZERT IN GERA UND ALTENBURG"},"content":{"rendered":"\n<p>Das 6. Philharmonische Konzert stand im Jahr 2020 schon einmal auf dem Programm und sollte das Philharmonische Abschiedskonzert des damals scheidenden Generalmusikdirektors Laurent Wagner sein. Nachdem es durch die Corona-Pandemie ausfallen und mehrfach verschoben werden musste, freut sich das Theater Altenburg Gera, dass Laurent Wagner nun als Gast zur\u00fcckkehrt, um endlich die von ihm angeregte Urauff\u00fchrung von Steffen Schleiermachers Szenen f\u00fcr Bariton und Orchester \u201eUmbra Vitae\u201c zu dirigieren, gesungen von Alejandro L\u00e1rraga Schleske. Es erklingen au\u00dferdem Robert Schumanns \u201eOuvert\u00fcre, Scherzo und Finale\u201c sowie Dmitri Schostakowitschs 5. Sinfonie.<\/p>\n\n\n\n<p>Weitere Auff\u00fchrungen gibt es am 8. und 9. M\u00e4rz jeweils um 19.30 Uhr im Konzertsaal Gera, sowie am Freitag, den 10. M\u00e4rz 2023, um 19.30 Uhr im Theaterzelt Altenburg.<\/p>\n\n\n\n<p>Eintrittskarten sind an den Theaterkassen sowie \u00fcber die Webseite des Theaters erh\u00e4ltlich. Diese sind unter der Rufnummer 0365 8279105 bzw. 03447 585160 sowie \u00fcber \u201ehttps:\/\/theater-altenburg-gera.de\/\u201d erreichbar.<\/p>\n\n\n\n<p>QUELLE: THEATER ALTENBURG GERA GGMBH<\/p>\n","protected":false},"excerpt":{"rendered":"<div class=\"mh-excerpt\"><p>Das 6. Philharmonische Konzert stand im Jahr 2020 schon einmal auf dem Programm und sollte das Philharmonische Abschiedskonzert des damals scheidenden Generalmusikdirektors Laurent Wagner sein. Nachdem es durch die Corona-Pandemie ausfallen und mehrfach verschoben werden <a class=\"mh-excerpt-more\" href=\"https:\/\/www.studiogera.de\/001\/2023\/02\/28\/vi-philharmonisches-konzert-in-gera-und-altenburg-2\/\" title=\"VI. PHILHARMONISCHES KONZERT IN GERA UND ALTENBURG\">[&#8230;]<\/a><\/p>\n<\/div>","protected":false},"author":2,"featured_media":12655,"comment_status":"open","ping_status":"open","sticky":false,"template":"","format":"standard","meta":{"footnotes":""},"categories":[15],"tags":[],"class_list":{"0":"post-23455","1":"post","2":"type-post","3":"status-publish","4":"format-standard","5":"has-post-thumbnail","7":"category-theater"},"_links":{"self":[{"href":"https:\/\/www.studiogera.de\/001\/wp-json\/wp\/v2\/posts\/23455","targetHints":{"allow":["GET"]}}],"collection":[{"href":"https:\/\/www.studiogera.de\/001\/wp-json\/wp\/v2\/posts"}],"about":[{"href":"https:\/\/www.studiogera.de\/001\/wp-json\/wp\/v2\/types\/post"}],"author":[{"embeddable":true,"href":"https:\/\/www.studiogera.de\/001\/wp-json\/wp\/v2\/users\/2"}],"replies":[{"embeddable":true,"href":"https:\/\/www.studiogera.de\/001\/wp-json\/wp\/v2\/comments?post=23455"}],"version-history":[{"count":1,"href":"https:\/\/www.studiogera.de\/001\/wp-json\/wp\/v2\/posts\/23455\/revisions"}],"predecessor-version":[{"id":23456,"href":"https:\/\/www.studiogera.de\/001\/wp-json\/wp\/v2\/posts\/23455\/revisions\/23456"}],"wp:featuredmedia":[{"embeddable":true,"href":"https:\/\/www.studiogera.de\/001\/wp-json\/wp\/v2\/media\/12655"}],"wp:attachment":[{"href":"https:\/\/www.studiogera.de\/001\/wp-json\/wp\/v2\/media?parent=23455"}],"wp:term":[{"taxonomy":"category","embeddable":true,"href":"https:\/\/www.studiogera.de\/001\/wp-json\/wp\/v2\/categories?post=23455"},{"taxonomy":"post_tag","embeddable":true,"href":"https:\/\/www.studiogera.de\/001\/wp-json\/wp\/v2\/tags?post=23455"}],"curies":[{"name":"wp","href":"https:\/\/api.w.org\/{rel}","templated":true}]}}