{"id":23457,"date":"2023-02-28T10:40:03","date_gmt":"2023-02-28T09:40:03","guid":{"rendered":"http:\/\/www.studiogera.de\/001\/?p=23457"},"modified":"2023-02-28T10:40:05","modified_gmt":"2023-02-28T09:40:05","slug":"die-verlorene-ehre-der-katharina-blum","status":"publish","type":"post","link":"https:\/\/www.studiogera.de\/001\/2023\/02\/28\/die-verlorene-ehre-der-katharina-blum\/","title":{"rendered":"DIE VERLORENE EHRE DER KATHARINA BLUM"},"content":{"rendered":"\n<p>In der 1974 ver\u00f6ffentlichten Erz\u00e4hlung \u201eDie verlorene Ehre der Katharina Blum\u201c rekapituliert Heinrich B\u00f6ll vier Tage im Ausnahmezustand einer jungen Frau: Katharina Blum lernt auf einer Party einen Mann kennen, verbringt mit ihm eine gemeinsame Nacht und findet sich am n\u00e4chsten Morgen pl\u00f6tzlich im Mahlwerk von Sensationspresse und Obrigkeit wider. Sie steht unter dem Verdacht, dem polizeilich gesuchten Ludwig G\u00f6tten zur Flucht verholfen zu haben. Polizei und Medien st\u00fcrzen sich auf sie. Liebe, Flucht, ein kostspieliger Ring, eine junge, unschuldige Sch\u00f6nheit, unbekannte Herren \u2013 der Stoff, aus dem Front-Page-Stories gemacht werden. Am Ende wird Katharina so weit getrieben, dass sie zur Waffe greift.<\/p>\n\n\n\n<p>Das St\u00fcck ist nun erstmals unter dem Titel \u201eDie verlorene Ehre der Katharina Blum oder: Wie Gewalt entstehen und wohin sie f\u00fchren kann\u201c am Freitag, den 10. M\u00e4rz 2023, um 19.30 Uhr im Gro\u00dfen Haus Gera zu erleben. Die Inszenierung der Regisseurin Johanna Hasse zeigt die als Pamphlet gedachte Erz\u00e4hlung des Schriftstellers Heinrich B\u00f6ll gegen die Beschr\u00e4nkung des Menschen bzw. der Frau auf gesellschaftlich definierte Geschlechter- und Rollenklischees sowie gegen Sexismus in der Gesellschaft. Sie betont das Recht auf Menschenw\u00fcrde und unterstreicht, wie wichtig eine differenzierte mediale Berichterstattung fernab von plumpen Diffamierungen f\u00fcr den einzelnen Menschen ist.<\/p>\n\n\n\n<p>Das Schauspiel ist erneut zu erleben am Sonntag, den 12. M\u00e4rz 2023 um 14.30 Uhr, am Freitag, den 17. M\u00e4rz 2023, um 19.30 Uhr, am Dienstag, den 21. M\u00e4rz 2023, um 10 Uhr, sowie am Samstag, den 25. M\u00e4rz 2023, um 19.30 Uhr. Aufgef\u00fchrt wird es jeweils im Gro\u00dfen Haus Gera.<\/p>\n\n\n\n<p>Eintrittskarten sind an den Theaterkassen sowie \u00fcber die Webseite des Theaters erh\u00e4ltlich. Diese sind unter der Rufnummer 0365 8279105 bzw. 03447 585160 sowie \u00fcber \u201ehttps:\/\/theater-altenburg-gera.de\/\u201d erreichbar.<\/p>\n\n\n\n<p>QUELLE: THEATER ALTENBURG GERA GGMBH<\/p>\n","protected":false},"excerpt":{"rendered":"<div class=\"mh-excerpt\"><p>In der 1974 ver\u00f6ffentlichten Erz\u00e4hlung \u201eDie verlorene Ehre der Katharina Blum\u201c rekapituliert Heinrich B\u00f6ll vier Tage im Ausnahmezustand einer jungen Frau: Katharina Blum lernt auf einer Party einen Mann kennen, verbringt mit ihm eine gemeinsame <a class=\"mh-excerpt-more\" href=\"https:\/\/www.studiogera.de\/001\/2023\/02\/28\/die-verlorene-ehre-der-katharina-blum\/\" title=\"DIE VERLORENE EHRE DER KATHARINA BLUM\">[&#8230;]<\/a><\/p>\n<\/div>","protected":false},"author":2,"featured_media":23458,"comment_status":"open","ping_status":"open","sticky":false,"template":"","format":"standard","meta":{"footnotes":""},"categories":[15],"tags":[],"class_list":{"0":"post-23457","1":"post","2":"type-post","3":"status-publish","4":"format-standard","5":"has-post-thumbnail","7":"category-theater"},"_links":{"self":[{"href":"https:\/\/www.studiogera.de\/001\/wp-json\/wp\/v2\/posts\/23457","targetHints":{"allow":["GET"]}}],"collection":[{"href":"https:\/\/www.studiogera.de\/001\/wp-json\/wp\/v2\/posts"}],"about":[{"href":"https:\/\/www.studiogera.de\/001\/wp-json\/wp\/v2\/types\/post"}],"author":[{"embeddable":true,"href":"https:\/\/www.studiogera.de\/001\/wp-json\/wp\/v2\/users\/2"}],"replies":[{"embeddable":true,"href":"https:\/\/www.studiogera.de\/001\/wp-json\/wp\/v2\/comments?post=23457"}],"version-history":[{"count":1,"href":"https:\/\/www.studiogera.de\/001\/wp-json\/wp\/v2\/posts\/23457\/revisions"}],"predecessor-version":[{"id":23459,"href":"https:\/\/www.studiogera.de\/001\/wp-json\/wp\/v2\/posts\/23457\/revisions\/23459"}],"wp:featuredmedia":[{"embeddable":true,"href":"https:\/\/www.studiogera.de\/001\/wp-json\/wp\/v2\/media\/23458"}],"wp:attachment":[{"href":"https:\/\/www.studiogera.de\/001\/wp-json\/wp\/v2\/media?parent=23457"}],"wp:term":[{"taxonomy":"category","embeddable":true,"href":"https:\/\/www.studiogera.de\/001\/wp-json\/wp\/v2\/categories?post=23457"},{"taxonomy":"post_tag","embeddable":true,"href":"https:\/\/www.studiogera.de\/001\/wp-json\/wp\/v2\/tags?post=23457"}],"curies":[{"name":"wp","href":"https:\/\/api.w.org\/{rel}","templated":true}]}}