{"id":23462,"date":"2023-02-28T10:59:49","date_gmt":"2023-02-28T09:59:49","guid":{"rendered":"http:\/\/www.studiogera.de\/001\/?p=23462"},"modified":"2023-02-28T10:59:50","modified_gmt":"2023-02-28T09:59:50","slug":"oeffentliche-sitzung-am-dienstag-im-rathaussaal","status":"publish","type":"post","link":"https:\/\/www.studiogera.de\/001\/2023\/02\/28\/oeffentliche-sitzung-am-dienstag-im-rathaussaal\/","title":{"rendered":"\u00d6FFENTLICHE SITZUNG AM DIENSTAG IM RATHAUSSAAL"},"content":{"rendered":"\n<p>Der Stadtratsausschuss f\u00fcr Bau, Umwelt, Verkehr und Liegenschaften kommt heute um 17 Uhr im Sitzungssaal des Rathauses zusammen. \u00d6ffentlich aufgerufen werden die nachfolgenden Tagesordnungspunkte.<\/p>\n\n\n\n<ul class=\"wp-block-list\">\n<li>TOP 1: Best\u00e4tigung der Niederschrift der gemeinsamen Sondersitzung mit dem Ausschuss f\u00fcr Wirtschaft und Stadtentwicklung vom 12. Januar 2023<\/li>\n\n\n\n<li>TOP 2: Best\u00e4tigung der Niederschrift vom 17. Januar 2023 (\u00f6ffentlicher Teil)<\/li>\n\n\n\n<li>TOP 3: Integriertes Radverkehrskonzept; hier: Vorstellung des Konzeptentwurfes durch das Planungsb\u00fcro<\/li>\n\n\n\n<li>TOP 4: Informationen zum Stand der Hochwasserschutzma\u00dfnahmen der Wei\u00dfen Elster in Gera durch das Th\u00fcringer Landesamt f\u00fcr Umwelt, Bergbau und Naturschutz (TLUBN) und die Th\u00fcringer Landgesellschaft (ThLG)<\/li>\n\n\n\n<li>TOP 5: Wahl des zweiten stellvertretenden Vorsitzenden<\/li>\n\n\n\n<li>TOP 6: Verweisungen aus dem Hauptausschuss<\/li>\n\n\n\n<li>TOP 6.1: Bebauungsplan B\/107.1\/03 &#8222;Ufer-Elster-Park&#8220;; Abw\u00e4gungs- und Satzungsbeschluss<\/li>\n\n\n\n<li>TOP 6.2: Erstellung einer kommunalen W\u00e4rmeplanung<\/li>\n\n\n\n<li>TOP 7: M\u00f6glichkeiten der Stadtverwaltung zur Sanierung<br>von Gehwegen<\/li>\n\n\n\n<li>TOP 8: \u00f6ffentliche WC-Anlagen in der Schlo\u00dfstra\u00dfe<\/li>\n\n\n\n<li>TOP 9: Sonstiges<\/li>\n<\/ul>\n","protected":false},"excerpt":{"rendered":"<div class=\"mh-excerpt\"><p>Der Stadtratsausschuss f\u00fcr Bau, Umwelt, Verkehr und Liegenschaften kommt heute um 17 Uhr im Sitzungssaal des Rathauses zusammen. \u00d6ffentlich aufgerufen werden die nachfolgenden Tagesordnungspunkte.<\/p>\n<\/div>","protected":false},"author":2,"featured_media":22602,"comment_status":"open","ping_status":"open","sticky":false,"template":"","format":"standard","meta":{"footnotes":""},"categories":[16],"tags":[],"class_list":{"0":"post-23462","1":"post","2":"type-post","3":"status-publish","4":"format-standard","5":"has-post-thumbnail","7":"category-kurzmitteilungen"},"_links":{"self":[{"href":"https:\/\/www.studiogera.de\/001\/wp-json\/wp\/v2\/posts\/23462","targetHints":{"allow":["GET"]}}],"collection":[{"href":"https:\/\/www.studiogera.de\/001\/wp-json\/wp\/v2\/posts"}],"about":[{"href":"https:\/\/www.studiogera.de\/001\/wp-json\/wp\/v2\/types\/post"}],"author":[{"embeddable":true,"href":"https:\/\/www.studiogera.de\/001\/wp-json\/wp\/v2\/users\/2"}],"replies":[{"embeddable":true,"href":"https:\/\/www.studiogera.de\/001\/wp-json\/wp\/v2\/comments?post=23462"}],"version-history":[{"count":1,"href":"https:\/\/www.studiogera.de\/001\/wp-json\/wp\/v2\/posts\/23462\/revisions"}],"predecessor-version":[{"id":23463,"href":"https:\/\/www.studiogera.de\/001\/wp-json\/wp\/v2\/posts\/23462\/revisions\/23463"}],"wp:featuredmedia":[{"embeddable":true,"href":"https:\/\/www.studiogera.de\/001\/wp-json\/wp\/v2\/media\/22602"}],"wp:attachment":[{"href":"https:\/\/www.studiogera.de\/001\/wp-json\/wp\/v2\/media?parent=23462"}],"wp:term":[{"taxonomy":"category","embeddable":true,"href":"https:\/\/www.studiogera.de\/001\/wp-json\/wp\/v2\/categories?post=23462"},{"taxonomy":"post_tag","embeddable":true,"href":"https:\/\/www.studiogera.de\/001\/wp-json\/wp\/v2\/tags?post=23462"}],"curies":[{"name":"wp","href":"https:\/\/api.w.org\/{rel}","templated":true}]}}