{"id":23464,"date":"2023-02-28T17:10:00","date_gmt":"2023-02-28T16:10:00","guid":{"rendered":"http:\/\/www.studiogera.de\/001\/?p=23464"},"modified":"2023-02-28T11:06:13","modified_gmt":"2023-02-28T10:06:13","slug":"antraege-fuer-zweite-foerderrunde-von-demokratie-leben-2","status":"publish","type":"post","link":"https:\/\/www.studiogera.de\/001\/2023\/02\/28\/antraege-fuer-zweite-foerderrunde-von-demokratie-leben-2\/","title":{"rendered":"ANTR\u00c4GE F\u00dcR ZWEITE F\u00d6RDERRUNDE VON \u201eDEMOKRATIE LEBEN\u201c"},"content":{"rendered":"\n<p>Bis zum 17.M\u00e4rz 2023 k\u00f6nnen interessierte Vereine oder Verb\u00e4nde ihre Projektantr\u00e4ge f\u00fcr die zweite F\u00f6rderrunde 2023 zur F\u00f6rderung der Demokratie in Gera einreichen. Das aktuelle Antragsformular zur Durchf\u00fchrung eines Einzelprojektes kann auf der Internetseite der Partnerschaft f\u00fcr Demokratie in Gera (PfD) unter \u201ewww.demokratie-leben-gera.de\u201c heruntergeladen werden. Dort finden Interessierte auch den Finanzplan, die Datenschutzerkl\u00e4rung sowie das Formular \u201eHinweise zur Umsetzung und Kontoverbindung\u201c. All diese Formbl\u00e4tter und der Nachweis der Gemeinn\u00fctzigkeit sind f\u00fcr einen erfolgreichen Projektantrag auszuf\u00fcllen und einzureichen.<\/p>\n\n\n\n<p>Der digital ausgef\u00fcllte Antrag sowie alle dazugeh\u00f6rigen Formbl\u00e4tter k\u00f6nnen an \u201eehrenamtszentrale@gera.de\u201c oder \u201einfo@demokratie-leben-gera.de\u201c gesandt werden. Nach dem digitalen Versand m\u00fcssen der Antrag und die Formbl\u00e4tter ausgedruckt, unterschrieben und per Post an folgende Adresse \u00fcbermittelt werden:<\/p>\n\n\n\n<p>Stadtverwaltung Gera<br>Abteilung Sport, Ehrenamt und St\u00e4dtepartnerschaften<br>Ehrenamtszentrale der Stadt Gera<br>Interne Koordinierungsstelle Bundesprogramm \u201eDemokratie leben!\u201c<br>z. Hd. Christina Martens<br>Kornmarkt 7<br>07545 Gera<\/p>\n\n\n\n<p>QUELLE: STADTVERWALTUNG<\/p>\n","protected":false},"excerpt":{"rendered":"<div class=\"mh-excerpt\"><p>Bis zum 17.M\u00e4rz 2023 k\u00f6nnen interessierte Vereine oder Verb\u00e4nde ihre Projektantr\u00e4ge f\u00fcr die zweite F\u00f6rderrunde 2023 zur F\u00f6rderung der Demokratie in Gera einreichen. Das aktuelle Antragsformular zur Durchf\u00fchrung eines Einzelprojektes kann auf der Internetseite der <a class=\"mh-excerpt-more\" href=\"https:\/\/www.studiogera.de\/001\/2023\/02\/28\/antraege-fuer-zweite-foerderrunde-von-demokratie-leben-2\/\" title=\"ANTR\u00c4GE F\u00dcR ZWEITE F\u00d6RDERRUNDE VON \u201eDEMOKRATIE LEBEN\u201c\">[&#8230;]<\/a><\/p>\n<\/div>","protected":false},"author":2,"featured_media":22617,"comment_status":"open","ping_status":"open","sticky":false,"template":"","format":"standard","meta":{"footnotes":""},"categories":[16],"tags":[],"class_list":{"0":"post-23464","1":"post","2":"type-post","3":"status-publish","4":"format-standard","5":"has-post-thumbnail","7":"category-kurzmitteilungen"},"_links":{"self":[{"href":"https:\/\/www.studiogera.de\/001\/wp-json\/wp\/v2\/posts\/23464","targetHints":{"allow":["GET"]}}],"collection":[{"href":"https:\/\/www.studiogera.de\/001\/wp-json\/wp\/v2\/posts"}],"about":[{"href":"https:\/\/www.studiogera.de\/001\/wp-json\/wp\/v2\/types\/post"}],"author":[{"embeddable":true,"href":"https:\/\/www.studiogera.de\/001\/wp-json\/wp\/v2\/users\/2"}],"replies":[{"embeddable":true,"href":"https:\/\/www.studiogera.de\/001\/wp-json\/wp\/v2\/comments?post=23464"}],"version-history":[{"count":2,"href":"https:\/\/www.studiogera.de\/001\/wp-json\/wp\/v2\/posts\/23464\/revisions"}],"predecessor-version":[{"id":23466,"href":"https:\/\/www.studiogera.de\/001\/wp-json\/wp\/v2\/posts\/23464\/revisions\/23466"}],"wp:featuredmedia":[{"embeddable":true,"href":"https:\/\/www.studiogera.de\/001\/wp-json\/wp\/v2\/media\/22617"}],"wp:attachment":[{"href":"https:\/\/www.studiogera.de\/001\/wp-json\/wp\/v2\/media?parent=23464"}],"wp:term":[{"taxonomy":"category","embeddable":true,"href":"https:\/\/www.studiogera.de\/001\/wp-json\/wp\/v2\/categories?post=23464"},{"taxonomy":"post_tag","embeddable":true,"href":"https:\/\/www.studiogera.de\/001\/wp-json\/wp\/v2\/tags?post=23464"}],"curies":[{"name":"wp","href":"https:\/\/api.w.org\/{rel}","templated":true}]}}