{"id":23467,"date":"2023-02-28T11:37:23","date_gmt":"2023-02-28T10:37:23","guid":{"rendered":"http:\/\/www.studiogera.de\/001\/?p=23467"},"modified":"2023-02-28T11:37:24","modified_gmt":"2023-02-28T10:37:24","slug":"obm-vonarb-wuerdigt-horst-pohl","status":"publish","type":"post","link":"https:\/\/www.studiogera.de\/001\/2023\/02\/28\/obm-vonarb-wuerdigt-horst-pohl\/","title":{"rendered":"OBM VONARB W\u00dcRDIGT HORST POHL"},"content":{"rendered":"\n<p>Am 1. M\u00e4rz 2023 w\u00e4re Horst Pohl einhundert Jahre alt geworden. Aus diesem Anlass besuchte Oberb\u00fcrgermeister Julian Vonarb mit dem ehemaligen Weggef\u00e4hrten Winfried Pickart die Grabst\u00e4tte auf dem Ostfriedhof und w\u00fcrdigte seine Verdienste f\u00fcr die Stadt. Pohl war von 1962 bis 1988 Oberb\u00fcrgermeister der Stadt Gera, und mit insgesamt 25 Dienstjahren das Stadtoberhaupt mit der l\u00e4ngsten Amtszeit der Moderne.<\/p>\n\n\n\n<p>Die Amtszeit Horst Pohls war vor allem gepr\u00e4gt durch das Wachstum der Stadt Gera. Unter seiner Leitung florierten Gro\u00dfbetriebe wie der SDAG Wismut, der VEB Elektronik Gera oder der Kombinat Carl Zeiss. Ab 1972 entstand im S\u00fcdwesten der Stadt in Lusan das gr\u00f6\u00dfte Neubaugebiet des Bezirks Gera und 1986 folgte im Nordosten das Neubaugebiet Bieblach-Ost. Zudem sorgte Pohl daf\u00fcr, dass die sich damals auf der Sorge befindliche Stra\u00dfenbahnlinie hinter die Mauer verlegt wurde, um die Einkaufsstra\u00dfe sicherer zu machen.<\/p>\n\n\n\n<p>Zu Ehren Horst Pohls wird ab 2. M\u00e4rz 2023 im Foyer vor dem Saal des Rathauses eine kostenfreie Ausstellung gezeigt, die sein Leben und Wirken pr\u00e4sentiert.<\/p>\n\n\n\n<p>QUELLE: STADTVERWALTUNG<\/p>\n","protected":false},"excerpt":{"rendered":"<div class=\"mh-excerpt\"><p>Am 1. M\u00e4rz 2023 w\u00e4re Horst Pohl einhundert Jahre alt geworden. Aus diesem Anlass besuchte Oberb\u00fcrgermeister Julian Vonarb mit dem ehemaligen Weggef\u00e4hrten Winfried Pickart die Grabst\u00e4tte auf dem Ostfriedhof und w\u00fcrdigte seine Verdienste f\u00fcr die <a class=\"mh-excerpt-more\" href=\"https:\/\/www.studiogera.de\/001\/2023\/02\/28\/obm-vonarb-wuerdigt-horst-pohl\/\" title=\"OBM VONARB W\u00dcRDIGT HORST POHL\">[&#8230;]<\/a><\/p>\n<\/div>","protected":false},"author":2,"featured_media":23468,"comment_status":"open","ping_status":"open","sticky":false,"template":"","format":"standard","meta":{"footnotes":""},"categories":[3],"tags":[],"class_list":{"0":"post-23467","1":"post","2":"type-post","3":"status-publish","4":"format-standard","5":"has-post-thumbnail","7":"category-lokal"},"_links":{"self":[{"href":"https:\/\/www.studiogera.de\/001\/wp-json\/wp\/v2\/posts\/23467","targetHints":{"allow":["GET"]}}],"collection":[{"href":"https:\/\/www.studiogera.de\/001\/wp-json\/wp\/v2\/posts"}],"about":[{"href":"https:\/\/www.studiogera.de\/001\/wp-json\/wp\/v2\/types\/post"}],"author":[{"embeddable":true,"href":"https:\/\/www.studiogera.de\/001\/wp-json\/wp\/v2\/users\/2"}],"replies":[{"embeddable":true,"href":"https:\/\/www.studiogera.de\/001\/wp-json\/wp\/v2\/comments?post=23467"}],"version-history":[{"count":1,"href":"https:\/\/www.studiogera.de\/001\/wp-json\/wp\/v2\/posts\/23467\/revisions"}],"predecessor-version":[{"id":23469,"href":"https:\/\/www.studiogera.de\/001\/wp-json\/wp\/v2\/posts\/23467\/revisions\/23469"}],"wp:featuredmedia":[{"embeddable":true,"href":"https:\/\/www.studiogera.de\/001\/wp-json\/wp\/v2\/media\/23468"}],"wp:attachment":[{"href":"https:\/\/www.studiogera.de\/001\/wp-json\/wp\/v2\/media?parent=23467"}],"wp:term":[{"taxonomy":"category","embeddable":true,"href":"https:\/\/www.studiogera.de\/001\/wp-json\/wp\/v2\/categories?post=23467"},{"taxonomy":"post_tag","embeddable":true,"href":"https:\/\/www.studiogera.de\/001\/wp-json\/wp\/v2\/tags?post=23467"}],"curies":[{"name":"wp","href":"https:\/\/api.w.org\/{rel}","templated":true}]}}