{"id":23470,"date":"2023-02-28T12:35:00","date_gmt":"2023-02-28T11:35:00","guid":{"rendered":"http:\/\/www.studiogera.de\/001\/?p=23470"},"modified":"2023-02-28T12:35:02","modified_gmt":"2023-02-28T11:35:02","slug":"entwurf-fuer-verbot-neuer-oel-und-gasheizungen-ab-2024","status":"publish","type":"post","link":"https:\/\/www.studiogera.de\/001\/2023\/02\/28\/entwurf-fuer-verbot-neuer-oel-und-gasheizungen-ab-2024\/","title":{"rendered":"ENTWURF F\u00dcR VERBOT NEUER \u00d6L- UND GASHEIZUNGEN AB 2024"},"content":{"rendered":"\n<p>Den Einbau neuer \u00d6l- und Gasheizungen will das Bundesministerium f\u00fcr Wirtschaft und Klimaschutz laut Bild-Zeitung bereits ab dem Jahre 2024 verbieten. In dem Artikel beruft sich das Blatt auf einen Referentenentwurf zur Reform des Geb\u00e4ude-Energiegesetzes. Heizsysteme sollen dann nur noch eingebaut werden d\u00fcrfen, wenn dort erneuerbare Energien einen Anteil von mindestens 65 % haben. Diese Kriterien erf\u00fcllen allerdings nur Fernw\u00e4rmeanlagen, W\u00e4rmepumpen und Biomasse-Kessel. Treten Sch\u00e4den an einem bestehenden Heizsystem auf, soll eine \u00dcbergangsfrist von drei Jahren gelten. Erst dann m\u00fcssen die neuen Vorgaben erf\u00fcllt werden. Ab dem Jahre 2045 sollen \u00d6l- und Gasheizungen ganz verboten werden.<\/p>\n\n\n\n<p>Dagegen positionieren sich die FDP und der Eigent\u00fcmerverband Haus und Grund Deutschland. Laut F\u00f6st, den wohnungspolitischen Sprecher der FDP, Daniel Wolfgang F\u00f6st, geht der Entwurf \u00fcber die zuvor in der Regierungskoalition getroffenen Vereinbarungen hinaus. Man habe sich nur darauf verst\u00e4ndigt, dass ab 2024 neue Heizungen zu 65 % erneuerbare Energien nutzen sollen, sofern das m\u00f6glich sei. Dr. Kai H. Warnecke, Pr\u00e4sident des Eingent\u00fcmerverbandes Haus und Grund Deutschland e. V. sagte, es handele sich um ein Gesetz aus der gr\u00fcnen M\u00e4rchenwelt. Unklar sei beispielsweise, woher die vielen Fernw\u00e4rmeleitungen kommen sollen.<\/p>\n\n\n\n<p>Immobilieneigent\u00fcmer f\u00fcrchten zunehmend, dass durch mehrere neue Gesetze und Vorgaben indirekt Sanierungen oder Ver\u00e4u\u00dferungen erzwungen werden. Die finanzielle \u00dcberforderung der einen Seite f\u00fchre zu massiven Verschiebungen auf dem Immobilien- und Wohnungsmarkt. W\u00e4hrend die sanierten Geb\u00e4ude ungleich teurer w\u00fcrden, und damit auch das Wohnen, k\u00f6nnte sich der sich Wert der \u00fcbrigen Immobilien deutlich verringern. Die langfristige Folge unter Einbezug der Steuer-, Energie- und CO\u2082-Politik sei eine Abwanderung vom Haus auf dem Land in hochpreisige Kleinstwohnungen in der Stadt, was letztendlich auch eine Verdichtung der Einwohner auf kleinere Wohnfl\u00e4chen bedeute, meinen Beobachter.<\/p>\n","protected":false},"excerpt":{"rendered":"<div class=\"mh-excerpt\"><p>Den Einbau neuer \u00d6l- und Gasheizungen will das Bundesministerium f\u00fcr Wirtschaft und Klimaschutz laut Bild-Zeitung bereits ab dem Jahre 2024 verbieten. In dem Artikel beruft sich das Blatt auf einen Referentenentwurf zur Reform des Geb\u00e4ude-Energiegesetzes. <a class=\"mh-excerpt-more\" href=\"https:\/\/www.studiogera.de\/001\/2023\/02\/28\/entwurf-fuer-verbot-neuer-oel-und-gasheizungen-ab-2024\/\" title=\"ENTWURF F\u00dcR VERBOT NEUER \u00d6L- UND GASHEIZUNGEN AB 2024\">[&#8230;]<\/a><\/p>\n<\/div>","protected":false},"author":2,"featured_media":17983,"comment_status":"open","ping_status":"open","sticky":false,"template":"","format":"standard","meta":{"footnotes":""},"categories":[2],"tags":[],"class_list":{"0":"post-23470","1":"post","2":"type-post","3":"status-publish","4":"format-standard","5":"has-post-thumbnail","7":"category-weltweit"},"_links":{"self":[{"href":"https:\/\/www.studiogera.de\/001\/wp-json\/wp\/v2\/posts\/23470","targetHints":{"allow":["GET"]}}],"collection":[{"href":"https:\/\/www.studiogera.de\/001\/wp-json\/wp\/v2\/posts"}],"about":[{"href":"https:\/\/www.studiogera.de\/001\/wp-json\/wp\/v2\/types\/post"}],"author":[{"embeddable":true,"href":"https:\/\/www.studiogera.de\/001\/wp-json\/wp\/v2\/users\/2"}],"replies":[{"embeddable":true,"href":"https:\/\/www.studiogera.de\/001\/wp-json\/wp\/v2\/comments?post=23470"}],"version-history":[{"count":1,"href":"https:\/\/www.studiogera.de\/001\/wp-json\/wp\/v2\/posts\/23470\/revisions"}],"predecessor-version":[{"id":23471,"href":"https:\/\/www.studiogera.de\/001\/wp-json\/wp\/v2\/posts\/23470\/revisions\/23471"}],"wp:featuredmedia":[{"embeddable":true,"href":"https:\/\/www.studiogera.de\/001\/wp-json\/wp\/v2\/media\/17983"}],"wp:attachment":[{"href":"https:\/\/www.studiogera.de\/001\/wp-json\/wp\/v2\/media?parent=23470"}],"wp:term":[{"taxonomy":"category","embeddable":true,"href":"https:\/\/www.studiogera.de\/001\/wp-json\/wp\/v2\/categories?post=23470"},{"taxonomy":"post_tag","embeddable":true,"href":"https:\/\/www.studiogera.de\/001\/wp-json\/wp\/v2\/tags?post=23470"}],"curies":[{"name":"wp","href":"https:\/\/api.w.org\/{rel}","templated":true}]}}