{"id":23473,"date":"2023-02-28T23:57:30","date_gmt":"2023-02-28T22:57:30","guid":{"rendered":"http:\/\/www.studiogera.de\/001\/?p=23473"},"modified":"2023-02-28T23:57:32","modified_gmt":"2023-02-28T22:57:32","slug":"charlotte-kielstein-siegt-beim-vorlesewettbewerb","status":"publish","type":"post","link":"https:\/\/www.studiogera.de\/001\/2023\/02\/28\/charlotte-kielstein-siegt-beim-vorlesewettbewerb\/","title":{"rendered":"CHARLOTTE KIELSTEIN SIEGT BEIM VORLESEWETTBEWERB"},"content":{"rendered":"\n<p>Am Samstag, den 25. Februar 2023, trafen sich in der Geraer Bibliothek am Puschkinplatz acht M\u00e4dchen und drei Jungen zum Stadtentscheid im Vorlesewettbewerb des Deutschen Buchhandels 2022\/2023 f\u00fcr Sch\u00fcler der 6. Klassen. Diese haben sich bereits in der Vorrunde mit \u00fcberzeugenden Vorleseleistungen gegen ihre Mitstreiter durchsetzen k\u00f6nnen. Denn vorausgegangen waren Schulentscheide an Regelschulen, Gymnasien, der Integrierten Gesamtschule und Schulen in freier Tr\u00e4gerschaft. Insgesamt haben sich deutschlandweit rund 700&#8217;000 Kinder am Vorlesewettbewerb beteiligt.<\/p>\n\n\n\n<p>Gelesen wurde jeweils ein selbst gew\u00e4hlter und ein unbekannter Text. Eine f\u00fcnfk\u00f6pfige Jury bewertete die Vortr\u00e4ge. Den Vorlesewettbewerb am Sonnabend gewann Charlotte Kielstein vom Karl-Theodor Liebe- Gymnasium. Sie \u00fcberzeugte mit ihrem selbstgew\u00e4hlten Buch \u201eDie Karlsson-Kinder: Spukgestalten und Spione\u201c von Katarina Mazetti sowie mit dem Pflichtbuch \u201eLilo &amp; Moder \u2013 Eine Freundin der gruseligen Art\u201c von Sarah M. Kempen.<\/p>\n\n\n\n<p>Die weiteren Etappen des Wettbewerbes f\u00fchren \u00fcber den Bezirks- und L\u00e4nderentscheid bis zum Bundesfinale vom 19. bis 21. Juni 2023 in Berlin. Die zw\u00f6lf Schulsieger werden also ihr K\u00f6nnen unter Beweis stellen und einen selbst gew\u00e4hlten und einen vorgegebenen unbekannten Text vorlesen. Eine Jury k\u00fcrt die besten Vorleser. Der Sieger nimmt dann am Landesentscheid teil, sp\u00e4ter am Bundesfinale.<\/p>\n\n\n\n<p>Der Vorlesewettbewerb wird seit 1959 jedes Jahr von der Stiftung Buchkultur und Lesef\u00f6rderung des B\u00f6rsenvereins des Deutschen Buchhandels in Zusammenarbeit mit Buchhandlungen, Bibliotheken, Schulen und kulturellen Einrichtungen veranstaltet. Der von Erich K\u00e4stner mitbegr\u00fcndete Wettbewerb steht unter der Schirmherrschaft des Bundespr\u00e4sidenten und geh\u00f6rt zu den von der Kultusministerkonferenz empfohlenen Sch\u00fclerwettbewerben. Deutschlandweit beteiligen sich rund 600&#8217;000 Sch\u00fclerinnen und Sch\u00fcler der 6. Klassen am gr\u00f6\u00dften und traditionsreichsten Sch\u00fclerwettbewerb Deutschlands.<\/p>\n\n\n\n<p>QUELLE: STADTVERWALTUNG<\/p>\n","protected":false},"excerpt":{"rendered":"<div class=\"mh-excerpt\"><p>Am Samstag, den 25. Februar 2023, trafen sich in der Geraer Bibliothek am Puschkinplatz acht M\u00e4dchen und drei Jungen zum Stadtentscheid im Vorlesewettbewerb des Deutschen Buchhandels 2022\/2023 f\u00fcr Sch\u00fcler der 6. Klassen. Diese haben sich <a class=\"mh-excerpt-more\" href=\"https:\/\/www.studiogera.de\/001\/2023\/02\/28\/charlotte-kielstein-siegt-beim-vorlesewettbewerb\/\" title=\"CHARLOTTE KIELSTEIN SIEGT BEIM VORLESEWETTBEWERB\">[&#8230;]<\/a><\/p>\n<\/div>","protected":false},"author":2,"featured_media":23474,"comment_status":"open","ping_status":"open","sticky":false,"template":"","format":"standard","meta":{"footnotes":""},"categories":[8],"tags":[],"class_list":{"0":"post-23473","1":"post","2":"type-post","3":"status-publish","4":"format-standard","5":"has-post-thumbnail","7":"category-kultur"},"_links":{"self":[{"href":"https:\/\/www.studiogera.de\/001\/wp-json\/wp\/v2\/posts\/23473","targetHints":{"allow":["GET"]}}],"collection":[{"href":"https:\/\/www.studiogera.de\/001\/wp-json\/wp\/v2\/posts"}],"about":[{"href":"https:\/\/www.studiogera.de\/001\/wp-json\/wp\/v2\/types\/post"}],"author":[{"embeddable":true,"href":"https:\/\/www.studiogera.de\/001\/wp-json\/wp\/v2\/users\/2"}],"replies":[{"embeddable":true,"href":"https:\/\/www.studiogera.de\/001\/wp-json\/wp\/v2\/comments?post=23473"}],"version-history":[{"count":1,"href":"https:\/\/www.studiogera.de\/001\/wp-json\/wp\/v2\/posts\/23473\/revisions"}],"predecessor-version":[{"id":23475,"href":"https:\/\/www.studiogera.de\/001\/wp-json\/wp\/v2\/posts\/23473\/revisions\/23475"}],"wp:featuredmedia":[{"embeddable":true,"href":"https:\/\/www.studiogera.de\/001\/wp-json\/wp\/v2\/media\/23474"}],"wp:attachment":[{"href":"https:\/\/www.studiogera.de\/001\/wp-json\/wp\/v2\/media?parent=23473"}],"wp:term":[{"taxonomy":"category","embeddable":true,"href":"https:\/\/www.studiogera.de\/001\/wp-json\/wp\/v2\/categories?post=23473"},{"taxonomy":"post_tag","embeddable":true,"href":"https:\/\/www.studiogera.de\/001\/wp-json\/wp\/v2\/tags?post=23473"}],"curies":[{"name":"wp","href":"https:\/\/api.w.org\/{rel}","templated":true}]}}