{"id":23483,"date":"2023-03-01T01:19:35","date_gmt":"2023-03-01T00:19:35","guid":{"rendered":"http:\/\/www.studiogera.de\/001\/?p=23483"},"modified":"2023-03-01T01:19:49","modified_gmt":"2023-03-01T00:19:49","slug":"tuerklinke-vom-glockenturm-gestohlen","status":"publish","type":"post","link":"https:\/\/www.studiogera.de\/001\/2023\/03\/01\/tuerklinke-vom-glockenturm-gestohlen\/","title":{"rendered":"T\u00dcRKLINKE VOM GLOCKENTURM GESTOHLEN"},"content":{"rendered":"\n<p>Die T\u00fcrklinke zum Eingangstor des Glockenturmes auf dem Geraer Marktplatz befindet sich derzeit im Besitz unbekannter Diebe, so dass die Geraer Polizei die Ermittlungen aufnehmen musste. Nach derzeitigen Erkenntnissen stahlen der oder die T\u00e4ter im Zeitraum zwischen dem 25. und 27. Februar 2023 die T\u00fcrklinke am Rathaus und entkamen unerkannt. Zeugen, welche Hinweise zu den T\u00e4tern bzw. dem Verbleib der T\u00fcrklinke geben k\u00f6nnen werden gebeten, sich unter der Rufnummer 0365 8290 bei der hiesigen Polizeidienststelle zu melden.<\/p>\n","protected":false},"excerpt":{"rendered":"<div class=\"mh-excerpt\"><p>Die T\u00fcrklinke zum Eingangstor des Glockenturmes auf dem Geraer Marktplatz befindet sich derzeit im Besitz unbekannter Diebe, so dass die Geraer Polizei die Ermittlungen aufnehmen musste. Nach derzeitigen Erkenntnissen stahlen der oder die T\u00e4ter im <a class=\"mh-excerpt-more\" href=\"https:\/\/www.studiogera.de\/001\/2023\/03\/01\/tuerklinke-vom-glockenturm-gestohlen\/\" title=\"T\u00dcRKLINKE VOM GLOCKENTURM GESTOHLEN\">[&#8230;]<\/a><\/p>\n<\/div>","protected":false},"author":2,"featured_media":9353,"comment_status":"open","ping_status":"open","sticky":false,"template":"","format":"standard","meta":{"footnotes":""},"categories":[13],"tags":[],"class_list":{"0":"post-23483","1":"post","2":"type-post","3":"status-publish","4":"format-standard","5":"has-post-thumbnail","7":"category-polizeiberichte"},"_links":{"self":[{"href":"https:\/\/www.studiogera.de\/001\/wp-json\/wp\/v2\/posts\/23483","targetHints":{"allow":["GET"]}}],"collection":[{"href":"https:\/\/www.studiogera.de\/001\/wp-json\/wp\/v2\/posts"}],"about":[{"href":"https:\/\/www.studiogera.de\/001\/wp-json\/wp\/v2\/types\/post"}],"author":[{"embeddable":true,"href":"https:\/\/www.studiogera.de\/001\/wp-json\/wp\/v2\/users\/2"}],"replies":[{"embeddable":true,"href":"https:\/\/www.studiogera.de\/001\/wp-json\/wp\/v2\/comments?post=23483"}],"version-history":[{"count":2,"href":"https:\/\/www.studiogera.de\/001\/wp-json\/wp\/v2\/posts\/23483\/revisions"}],"predecessor-version":[{"id":23485,"href":"https:\/\/www.studiogera.de\/001\/wp-json\/wp\/v2\/posts\/23483\/revisions\/23485"}],"wp:featuredmedia":[{"embeddable":true,"href":"https:\/\/www.studiogera.de\/001\/wp-json\/wp\/v2\/media\/9353"}],"wp:attachment":[{"href":"https:\/\/www.studiogera.de\/001\/wp-json\/wp\/v2\/media?parent=23483"}],"wp:term":[{"taxonomy":"category","embeddable":true,"href":"https:\/\/www.studiogera.de\/001\/wp-json\/wp\/v2\/categories?post=23483"},{"taxonomy":"post_tag","embeddable":true,"href":"https:\/\/www.studiogera.de\/001\/wp-json\/wp\/v2\/tags?post=23483"}],"curies":[{"name":"wp","href":"https:\/\/api.w.org\/{rel}","templated":true}]}}