{"id":23590,"date":"2023-03-08T11:07:40","date_gmt":"2023-03-08T10:07:40","guid":{"rendered":"http:\/\/www.studiogera.de\/001\/?p=23590"},"modified":"2023-03-08T11:07:42","modified_gmt":"2023-03-08T10:07:42","slug":"vorbereitung-auf-host-town-bei-sowg-2023","status":"publish","type":"post","link":"https:\/\/www.studiogera.de\/001\/2023\/03\/08\/vorbereitung-auf-host-town-bei-sowg-2023\/","title":{"rendered":"VORBEREITUNG AUF HOST TOWN BEI SOWG 2023"},"content":{"rendered":"\n<p>Zu einem gemeinsamen Austausch trafen sich heute die verantwortlichen Vertreter der Th\u00fcringer Host-Town-Kommunen f\u00fcr die Special Olympics World Games 2023 im Geraer Rathaussaal. Neben der Vorstellung der geplanten Programme und Projekte in den einzelnen St\u00e4dten wurde sich gemeinsam zu Themen wie medizinische Versorgung, Kommunikation, Verpflegung und Unterbringung, Sicherheit, Transport, Sponsoring, Finanzierung, F\u00f6rderm\u00f6glichkeiten und Unterst\u00fctzung durch das Land abgestimmt und beraten. Rolf Beilschmidt, Pr\u00e4sident von Special Olympics Th\u00fcringen, und sein Gesch\u00e4ftsf\u00fchrer Christoph K\u00f6hler werden die Anliegen der Kommunen Ende der Woche den betreffenden Verantwortlichen des Freistaates vortragen. Die St\u00e4dte und Regionen Altenburg\/Rositz, Erfurt, das Drei-St\u00e4dte-Eck, bestehend aus Rudolstadt, Saalfeld und Bad Blankenburg, sowie Gera, Gotha, Jena, Weimar sind in Th\u00fcringen jeweils vom 12. bis 15. Juni 2023 Host-Town-Kommunen.<\/p>\n\n\n\n<p>Im vergangenen Sommer wurde durch das Organisationskomitee der Special Olympics World Games Berlin 2023 die finale Zuteilung der internationalen Delegationen auf die bereits feststehenden Gastgeberst\u00e4dte in ganz Deutschland festgelegt ver\u00f6ffentlicht. Gera wird Gastgeber f\u00fcr die Delegation aus Malta sein. Etwa 58 Personen, darunter Athletinnen und Athleten, Trainerinnen und Trainer sowie Betreuende, reisen aus dem fl\u00e4chenm\u00e4\u00dfig kleinsten Land der Europ\u00e4ischen Union nach Gera, um die f\u00fcr sie fremde Kultur kennenzulernen, Erfahrungen im Austausch zu sammeln, kulturelle Aktivit\u00e4ten der Stadt zu erleben und internationale Freundschaften zu schlie\u00dfen.<\/p>\n\n\n\n<p>Oberb\u00fcrgermeister Julian Vonarb freut sich darauf, die s\u00fcdeurop\u00e4ische Delegation in der Stadt begr\u00fc\u00dfen zu d\u00fcrfen:<\/p>\n\n\n\n<blockquote class=\"wp-block-quote is-layout-flow wp-block-quote-is-layout-flow\">\n<p>\u201eGera wird im Sommer 2023 ein w\u00fcrdiger Gastgeber f\u00fcr die zahlreichen G\u00e4ste aus Malta sein. Das Host Town Programm und die dazugeh\u00f6rigen Projekte werden im kommenden Jahr eine entscheidende Schl\u00fcsselrolle im Umgang mit dem Thema Inklusion in Gera einnehmen. Es ist unsere gesellschaftliche Pflicht, das Zusammenleben von Menschen mit und ohne Behinderung sowie verschiedener Nationen und Kulturen zu f\u00f6rdern und \u00fcber das Inklusionsprojekt der Host Towns hinaus zu pr\u00e4gen.\u201c<\/p>\n<\/blockquote>\n\n\n\n<p>Die Special Olympics World Games f\u00fcr Menschen mit geistiger und mehrfacher Behinderung kommen vom 17. bis 25. Juni 2023 erstmals nach Deutschland. Es ist die weltweit gr\u00f6\u00dfte inklusive Sportveranstaltung, bei der tausende Sportlerinnen und Sportler in 26 Sportarten und zwei Demonstrationssportarten antreten. Das Host Town Programm findet vier Tage vor den eigentlichen Weltspielen statt. Dabei werden die internationalen G\u00e4ste in 216 Host Towns in ganz Deutschland willkommen gehei\u00dfen. Unter den sieben Th\u00fcringer Gastgeberst\u00e4dten befindet sich auch Gera. Auf Initiative von Ren\u00e9 Soboll, dem st\u00e4dtischen Leiter der Abteilung Sport, Ehrenamt und St\u00e4dtepartnerschaften, konnte Gera mit der eingereichten Projektidee sowie inklusiven, st\u00e4dtischen Netzwerken und Angeboten ma\u00dfgeblich \u00fcberzeugen und wurde im Januar 2022 offiziell f\u00fcr das Projekt nominiert.<\/p>\n\n\n\n<p>QUELLE: STADTVERWALTUNG<\/p>\n","protected":false},"excerpt":{"rendered":"<div class=\"mh-excerpt\"><p>Zu einem gemeinsamen Austausch trafen sich heute die verantwortlichen Vertreter der Th\u00fcringer Host-Town-Kommunen f\u00fcr die Special Olympics World Games 2023 im Geraer Rathaussaal. Neben der Vorstellung der geplanten Programme und Projekte in den einzelnen St\u00e4dten <a class=\"mh-excerpt-more\" href=\"https:\/\/www.studiogera.de\/001\/2023\/03\/08\/vorbereitung-auf-host-town-bei-sowg-2023\/\" title=\"VORBEREITUNG AUF HOST TOWN BEI SOWG 2023\">[&#8230;]<\/a><\/p>\n<\/div>","protected":false},"author":2,"featured_media":23591,"comment_status":"open","ping_status":"open","sticky":false,"template":"","format":"standard","meta":{"footnotes":""},"categories":[8],"tags":[],"class_list":{"0":"post-23590","1":"post","2":"type-post","3":"status-publish","4":"format-standard","5":"has-post-thumbnail","7":"category-kultur"},"_links":{"self":[{"href":"https:\/\/www.studiogera.de\/001\/wp-json\/wp\/v2\/posts\/23590","targetHints":{"allow":["GET"]}}],"collection":[{"href":"https:\/\/www.studiogera.de\/001\/wp-json\/wp\/v2\/posts"}],"about":[{"href":"https:\/\/www.studiogera.de\/001\/wp-json\/wp\/v2\/types\/post"}],"author":[{"embeddable":true,"href":"https:\/\/www.studiogera.de\/001\/wp-json\/wp\/v2\/users\/2"}],"replies":[{"embeddable":true,"href":"https:\/\/www.studiogera.de\/001\/wp-json\/wp\/v2\/comments?post=23590"}],"version-history":[{"count":1,"href":"https:\/\/www.studiogera.de\/001\/wp-json\/wp\/v2\/posts\/23590\/revisions"}],"predecessor-version":[{"id":23592,"href":"https:\/\/www.studiogera.de\/001\/wp-json\/wp\/v2\/posts\/23590\/revisions\/23592"}],"wp:featuredmedia":[{"embeddable":true,"href":"https:\/\/www.studiogera.de\/001\/wp-json\/wp\/v2\/media\/23591"}],"wp:attachment":[{"href":"https:\/\/www.studiogera.de\/001\/wp-json\/wp\/v2\/media?parent=23590"}],"wp:term":[{"taxonomy":"category","embeddable":true,"href":"https:\/\/www.studiogera.de\/001\/wp-json\/wp\/v2\/categories?post=23590"},{"taxonomy":"post_tag","embeddable":true,"href":"https:\/\/www.studiogera.de\/001\/wp-json\/wp\/v2\/tags?post=23590"}],"curies":[{"name":"wp","href":"https:\/\/api.w.org\/{rel}","templated":true}]}}