{"id":23593,"date":"2023-03-08T11:19:14","date_gmt":"2023-03-08T10:19:14","guid":{"rendered":"http:\/\/www.studiogera.de\/001\/?p=23593"},"modified":"2023-03-08T11:19:16","modified_gmt":"2023-03-08T10:19:16","slug":"bericht-zum-ammoniak-vorfall-am-klinikum","status":"publish","type":"post","link":"https:\/\/www.studiogera.de\/001\/2023\/03\/08\/bericht-zum-ammoniak-vorfall-am-klinikum\/","title":{"rendered":"BERICHT ZUM AMMONIAK-VORFALL AM KLINIKUM"},"content":{"rendered":"\n<p><em>Die Stadtverwaltung informiert \u00fcber den Vorfall am 6. M\u00e4rz 2023 im Geraer Klinikum.<\/em><\/p>\n\n\n\n<p>Am Montag, den 6. M\u00e4rz 2023, kurz vor 10 Uhr, kam es im Klinikum bei geplanten Wartungsarbeiten zu einem Austritt gr\u00f6\u00dferer Mengen Ammoniak. Ammoniak ist bei Raumtemperatur ein farbloses, stechend riechendes Gas. Unterhalb von \u221233 \u00b0C wird es fl\u00fcssig. Es ist ein h\u00e4ufig benutztes K\u00e4ltemittel in K\u00fchlschr\u00e4nken. Durch die Reaktion mit Feuchtigkeit wirkt es stark \u00e4tzend auf die Schleimh\u00e4ute. Auch die Augen werden durch die Einwirkung von Ammoniak stark gesch\u00e4digt. Beim Einatmen hoher Konzentrationen besteht Lebensgefahr durch Sch\u00e4den in den Atemwegen. Alarmiert wurden daraufhin die hauptamtlichen Kr\u00e4fte der Wachen 1 und 2, die F\u00fchrungsdienste der Stufen B und C, die FF Mitte, die FF Frankenthal und FF Aga.<\/p>\n\n\n\n<p>Die Aufgabe der Feuerwehr bestand darin, die Leckage schnell zu schlie\u00dfen und einen weiteren Austritt, sowie eine weitere Ausbreitung zu verhindern. Die Technikr\u00e4ume in denen das Ammoniak austrat befinden sich im Kellerbereich unter der Notaufnahme. Der gesamte Geb\u00e4udeteil wurde deshalb abgesperrt. Eine Abmeldung der Notfallversorgung war dann unumg\u00e4nglich. Haus\u00e4rzte wurden gebeten, keine Patienten in die Notaufnahme zu schicken und alle umliegenden Krankenh\u00e4user wurden informiert. Zudem\u00a0 mussten alle\u00a0verschiebbaren Operationen abgesagt werden. Der restliche Klinikbetrieb konnte normal weiterlaufen<\/p>\n\n\n\n<p>Durch eingesetzte Messtrupps wurde die Konzentration des Gases im gesamten Umfeld gemessen. Unterst\u00fctzt wurde die Feuerwehr Gera durch ein Spezialfahrzeug des Landkreises Greiz von der Feuerwehr M\u00fcnchenbernsdorf. Nachdem die Leckage abgedichtet werden konnte, galt es die betroffenen Bereiche zu Be- und Entl\u00fcften. Daf\u00fcr wurde Spezialtechnik von den Feuerwehren Jena und Kahla angefordert. Als keine gef\u00e4hrlichen Konzentrationen mehr gemessen wurden, war der Einsatz gegen 18 Uhr beendet. W\u00e4hrend der gesamten Einsatzdauer stellten die FF Langenberg und FF Thr\u00e4nitz den Stadtschutz auf der Feuer- und Rettungswache 1 sicher. Im Rahmen des Einsatzes kam es zu zwei verletzten Personen, darunter ein Feuerwehrmann.<\/p>\n\n\n\n<p>QUELLE: STADTVERWALTUNG<\/p>\n","protected":false},"excerpt":{"rendered":"<div class=\"mh-excerpt\"><p>Die Stadtverwaltung informiert \u00fcber den Vorfall am 6. M\u00e4rz 2023 im Geraer Klinikum. Am Montag, den 6. M\u00e4rz 2023, kurz vor 10 Uhr, kam es im Klinikum bei geplanten Wartungsarbeiten zu einem Austritt gr\u00f6\u00dferer Mengen <a class=\"mh-excerpt-more\" href=\"https:\/\/www.studiogera.de\/001\/2023\/03\/08\/bericht-zum-ammoniak-vorfall-am-klinikum\/\" title=\"BERICHT ZUM AMMONIAK-VORFALL AM KLINIKUM\">[&#8230;]<\/a><\/p>\n<\/div>","protected":false},"author":2,"featured_media":23594,"comment_status":"open","ping_status":"open","sticky":false,"template":"","format":"standard","meta":{"footnotes":""},"categories":[3],"tags":[],"class_list":{"0":"post-23593","1":"post","2":"type-post","3":"status-publish","4":"format-standard","5":"has-post-thumbnail","7":"category-lokal"},"_links":{"self":[{"href":"https:\/\/www.studiogera.de\/001\/wp-json\/wp\/v2\/posts\/23593","targetHints":{"allow":["GET"]}}],"collection":[{"href":"https:\/\/www.studiogera.de\/001\/wp-json\/wp\/v2\/posts"}],"about":[{"href":"https:\/\/www.studiogera.de\/001\/wp-json\/wp\/v2\/types\/post"}],"author":[{"embeddable":true,"href":"https:\/\/www.studiogera.de\/001\/wp-json\/wp\/v2\/users\/2"}],"replies":[{"embeddable":true,"href":"https:\/\/www.studiogera.de\/001\/wp-json\/wp\/v2\/comments?post=23593"}],"version-history":[{"count":1,"href":"https:\/\/www.studiogera.de\/001\/wp-json\/wp\/v2\/posts\/23593\/revisions"}],"predecessor-version":[{"id":23595,"href":"https:\/\/www.studiogera.de\/001\/wp-json\/wp\/v2\/posts\/23593\/revisions\/23595"}],"wp:featuredmedia":[{"embeddable":true,"href":"https:\/\/www.studiogera.de\/001\/wp-json\/wp\/v2\/media\/23594"}],"wp:attachment":[{"href":"https:\/\/www.studiogera.de\/001\/wp-json\/wp\/v2\/media?parent=23593"}],"wp:term":[{"taxonomy":"category","embeddable":true,"href":"https:\/\/www.studiogera.de\/001\/wp-json\/wp\/v2\/categories?post=23593"},{"taxonomy":"post_tag","embeddable":true,"href":"https:\/\/www.studiogera.de\/001\/wp-json\/wp\/v2\/tags?post=23593"}],"curies":[{"name":"wp","href":"https:\/\/api.w.org\/{rel}","templated":true}]}}