{"id":23596,"date":"2023-03-08T11:33:51","date_gmt":"2023-03-08T10:33:51","guid":{"rendered":"http:\/\/www.studiogera.de\/001\/?p=23596"},"modified":"2023-03-08T11:34:20","modified_gmt":"2023-03-08T10:34:20","slug":"internationale-wochen-gegen-rassismus","status":"publish","type":"post","link":"https:\/\/www.studiogera.de\/001\/2023\/03\/08\/internationale-wochen-gegen-rassismus\/","title":{"rendered":"INTERNATIONALE WOCHEN GEGEN RASSISMUS"},"content":{"rendered":"\n<p>Im Jahre 1966 von den Vereinten Nationen ins Leben gerufen, werden seit Ende der 70er Jahre in den UN-Mitgliedsl\u00e4ndern j\u00e4hrliche Aktionswochen rund um den 21. M\u00e4rz durchgef\u00fchrt. Bundesweit stehen die Aktionswochen in diesem Jahr unter dem Motto: \u201eMisch dich ein!\u201c<\/p>\n\n\n\n<p>Auch Gera mischt sich ein und zeigt damit Haltung f\u00fcr ein friedliches und barrierefreies Zusammenleben durch die Veranstaltungen, die zwischen 16. M\u00e4rz und 5. April 2023 in Gera stattfinden. Oberb\u00fcrgermeister Julian Vonarb wei\u00df um die Gefahren von Rassismus und die Auswirkungen auf eine Gesellschaft in einer Kommune:<\/p>\n\n\n\n<blockquote class=\"wp-block-quote is-layout-flow wp-block-quote-is-layout-flow\">\n<p>\u201eRassismus macht aus einem &#8218;wir&#8216; ein &#8218;die anderen&#8216; und kann in unvergleichlicher Weise eine Gemeinschaft entzweien. Rassismus stellt eine Gruppe von Menschen \u00fcber eine andere Gruppe, spricht Menschen anderer Herkunft oder Religion weniger Rechte zu. Das ist auch heute eine aktuelle und gro\u00dfe Gefahr in einer vermeintlich aufgekl\u00e4rten, modernen Gesellschaft. Aus diesem Grund sind Projekte wie die internationalen Wochen gegen Rassismus von gro\u00dfer Wichtigkeit. Sie zeigen die Risiken auf, \u00f6ffnen den Blick f\u00fcr das Thema und f\u00fchren wieder zusammen.\u201c<\/p>\n<\/blockquote>\n\n\n\n<p>Die regionale Vernetzung von kommunalen Tr\u00e4gern, Sozialverb\u00e4nden und Vereinen sowie zivilgesellschaftlichen B\u00fcndnissen und der Stadtverwaltung Gera erm\u00f6glichen wichtige Synergieeffekte und schafft ein starkes Identifikationsgef\u00fchl f\u00fcr die Anliegen der Internationalen Wochen gegen Rassismus vor Ort. Ein vielf\u00e4ltiges Programm wurde durch dieses breit aufgestellte B\u00fcndnis initiiert: \u201eDie Angebote sollen ein Zeichen gegen Rassismus und Diskriminierung setzen, um Betroffene zu st\u00e4rken aber auch um die Bev\u00f6lkerung zu sensibilisieren. Die beteiligten Akteure sehen es als Aufgabe an, um auf eine gesamtgesellschaftliche Entwicklung zu reagieren. Die Menschenw\u00fcrde ist f\u00fcr jeden unantastbar\u201c, macht Nicole Landmann als Migrations- und Integrationsbeauftragte deutlich. Kernst\u00fcck der Veranstaltungsreihe ist die Ausstellung vom 18. M\u00e4rz bis 17. April 2023&nbsp;\u201eRassismus ist Alltag. Rassismus ist auch dein Problem\u201c, die letztes Jahr schon stattfand, und nun gr\u00f6\u00dfer aufgestellt werden konnte. In diesem setzen Bildungseinrichtungen, Unternehmen, Verb\u00e4nde und Beh\u00f6rden durch Plakataufh\u00e4nge mit \u00c4u\u00dferungen Betroffener ein Zeichen gegen Rassismus. \u201eDie Zusammenarbeit der Akteure, die sich mit viel Engagement und Herz f\u00fcr diese Thematik einsetzen, ist beispielhaft und dankenswert\u201c, so Landmann weiter. Der Wohlfahrtsverband hatte zur Umsetzung des Programms F\u00f6rdergelder \u00fcber das Bundesprogramm \u201eDemokratie leben!\u201c erhalten.<\/p>\n\n\n\n<div data-wp-interactive=\"core\/file\" class=\"wp-block-file\"><object data-wp-bind--hidden=\"!state.hasPdfPreview\" hidden class=\"wp-block-file__embed\" data=\"http:\/\/www.studiogera.de\/001\/wp-content\/uploads\/2023\/03\/PROGRAMMBLATT_006.pdf\" type=\"application\/pdf\" style=\"width:100%;height:600px\" aria-label=\"Einbettung von PROGRAMMBLATT_006.\"><\/object><a id=\"wp-block-file--media-f162b44b-f1aa-4bf4-983e-5a62bc5f8c61\" href=\"http:\/\/www.studiogera.de\/001\/wp-content\/uploads\/2023\/03\/PROGRAMMBLATT_006.pdf\">PROGRAMMBLATT_006<\/a><a href=\"http:\/\/www.studiogera.de\/001\/wp-content\/uploads\/2023\/03\/PROGRAMMBLATT_006.pdf\" class=\"wp-block-file__button wp-element-button\" download aria-describedby=\"wp-block-file--media-f162b44b-f1aa-4bf4-983e-5a62bc5f8c61\"><\/a><\/div>\n\n\n\n<p>Folgende H\u00f6hepunkte sind f\u00fcr die Internationalen Wochen gegen Rassismus geplant:<\/p>\n\n\n\n<p><strong>Arabisch-deutscher Theater-Workshop mit Auff\u00fchrung<\/strong><\/p>\n\n\n\n<p>Vom 3. bis 5. April 2023 findet von 9.30 Uhr bis 12.30 Uhr in der Theaterfabrik, Clara-Zetkin-Stra\u00dfe 1, das Ein\u00fcben zweisprachiger Szenen statt. Maren Barinow und Majed Ebraheem leiten den Mitmachkursus. Unter \u201etheaterfabrik@theater-altenburg-gera.de\u201c k\u00f6nnen sich Interessenten anmelden. Die Auff\u00fchrung ist f\u00fcr den 5. April 2023 um 16.30 Uhr geplant.<\/p>\n\n\n\n<p><strong>Die Flucht kann jeden Treffen<\/strong><\/p>\n\n\n\n<p>Am 16. M\u00e4rz 2023 l\u00e4dt der Interkulturelle Verein zu einer Veranstaltung in die R\u00e4ume des Jugendclubs Jumpers, Kastanienstra\u00dfe 3 in Lusan, ein: Es werden bewegende Geschichten von Menschen mit Fluchterfahrungen erz\u00e4hlt, und es gibt Zeit f\u00fcr Austausch und Begegnung.<\/p>\n\n\n\n<p><strong>Sehen, lachen, denken \u2013 Kurzfilm-Satiere gegen Rechtsradikalismus<\/strong><\/p>\n\n\n\n<p>Am 25. M\u00e4rz 2023 um 16 Uhr und um 18 Uhr findet in Kooperation mit der Otegau Gera eine 50-min\u00fctige Kurzfilmreihe f\u00fcr Jugendliche ab zw\u00f6lf Jahren und Erwachsene im Comma-Kino, Heinrichstra\u00dfe 47, statt.<\/p>\n\n\n\n<p>QUELLE: STADTVERWALTUNG<\/p>\n","protected":false},"excerpt":{"rendered":"<div class=\"mh-excerpt\"><p>Im Jahre 1966 von den Vereinten Nationen ins Leben gerufen, werden seit Ende der 70er Jahre in den UN-Mitgliedsl\u00e4ndern j\u00e4hrliche Aktionswochen rund um den 21. M\u00e4rz durchgef\u00fchrt. Bundesweit stehen die Aktionswochen in diesem Jahr unter <a class=\"mh-excerpt-more\" href=\"https:\/\/www.studiogera.de\/001\/2023\/03\/08\/internationale-wochen-gegen-rassismus\/\" title=\"INTERNATIONALE WOCHEN GEGEN RASSISMUS\">[&#8230;]<\/a><\/p>\n<\/div>","protected":false},"author":2,"featured_media":10923,"comment_status":"open","ping_status":"open","sticky":false,"template":"","format":"standard","meta":{"footnotes":""},"categories":[6],"tags":[],"class_list":{"0":"post-23596","1":"post","2":"type-post","3":"status-publish","4":"format-standard","5":"has-post-thumbnail","7":"category-gesellschaft"},"_links":{"self":[{"href":"https:\/\/www.studiogera.de\/001\/wp-json\/wp\/v2\/posts\/23596","targetHints":{"allow":["GET"]}}],"collection":[{"href":"https:\/\/www.studiogera.de\/001\/wp-json\/wp\/v2\/posts"}],"about":[{"href":"https:\/\/www.studiogera.de\/001\/wp-json\/wp\/v2\/types\/post"}],"author":[{"embeddable":true,"href":"https:\/\/www.studiogera.de\/001\/wp-json\/wp\/v2\/users\/2"}],"replies":[{"embeddable":true,"href":"https:\/\/www.studiogera.de\/001\/wp-json\/wp\/v2\/comments?post=23596"}],"version-history":[{"count":3,"href":"https:\/\/www.studiogera.de\/001\/wp-json\/wp\/v2\/posts\/23596\/revisions"}],"predecessor-version":[{"id":23602,"href":"https:\/\/www.studiogera.de\/001\/wp-json\/wp\/v2\/posts\/23596\/revisions\/23602"}],"wp:featuredmedia":[{"embeddable":true,"href":"https:\/\/www.studiogera.de\/001\/wp-json\/wp\/v2\/media\/10923"}],"wp:attachment":[{"href":"https:\/\/www.studiogera.de\/001\/wp-json\/wp\/v2\/media?parent=23596"}],"wp:term":[{"taxonomy":"category","embeddable":true,"href":"https:\/\/www.studiogera.de\/001\/wp-json\/wp\/v2\/categories?post=23596"},{"taxonomy":"post_tag","embeddable":true,"href":"https:\/\/www.studiogera.de\/001\/wp-json\/wp\/v2\/tags?post=23596"}],"curies":[{"name":"wp","href":"https:\/\/api.w.org\/{rel}","templated":true}]}}