{"id":23766,"date":"2023-03-18T11:06:02","date_gmt":"2023-03-18T10:06:02","guid":{"rendered":"http:\/\/www.studiogera.de\/001\/?p=23766"},"modified":"2023-03-18T11:06:39","modified_gmt":"2023-03-18T10:06:39","slug":"stark-ansteigender-bedarf-an-seltenen-metallen-wird-erwartet","status":"publish","type":"post","link":"https:\/\/www.studiogera.de\/001\/2023\/03\/18\/stark-ansteigender-bedarf-an-seltenen-metallen-wird-erwartet\/","title":{"rendered":"STARK ANSTEIGENDER BEDARF AN SELTENEN METALLEN WIRD ERWARTET"},"content":{"rendered":"\n<p>Die Umstellung auf emissionsfreie Energie wird einen erheblichen Mehrbedarf an seltenen Metallen und Mineralien zur Folge haben. Bis 2050 m\u00fcsste die Produktion um fast 500 % steigen. Das ist einem Bericht der Weltbankgruppe zu entnehmen. Darin wird gesch\u00e4tzt, dass f\u00fcr Wind-, Solar- und geothermische Anlagen sowie Energiespeicher \u00fcber drei Milliarden Tonnen Mineralien und Metalle wie Kobalt, Lithium, Graphit und Nickel ben\u00f6tigt werden.<\/p>\n\n\n\n<p><a href=\"https:\/\/www.worldbank.org\/en\/topic\/extractiveindustries\/brief\/climate-smart-mining-minerals-for-climate-action\">https:\/\/www.worldbank.org\/en\/topic\/extractiveindustries\/brief\/climate-smart-mining-minerals-for-climate-action<\/a><\/p>\n\n\n\n<p>Die negativen Auswirkungen der Energiegewinnung w\u00fcrden somit von der Luft in den Boden verlagert, sch\u00e4tzen Beobachter ein. Um gr\u00f6\u00dfere Sch\u00e4den zu verhindern, w\u00e4ren einschlie\u00dflich der Rekultivierung weitere energieintensive Eingriffe n\u00f6tig. Der Bergbau wird als \u201eblinder Fleck\u201c der gr\u00fcnen Energiewende bezeichnet.<\/p>\n\n\n\n<p>Laut dem Weltwirtschaftsforum wird die Wiederverwertung allein nicht ausreichen, um die ben\u00f6tigten Materialien zu erhalten. Ein Mangel k\u00f6nnte die Kosten f\u00fcr neue Energietechnologien erh\u00f6hen. Derzeit seien nicht gen\u00fcgend Metalle in Umlauf. Der Abbau von Neumaterial m\u00fcsste daher selbst bei Ber\u00fccksichtigung der Wiederverwertung um fast 500 % steigen.<\/p>\n\n\n\n<p><a href=\"https:\/\/www.weforum.org\/agenda\/2022\/07\/3-circular-approaches-to-reduce-demand-for-critical-minerals\">https:\/\/www.weforum.org\/agenda\/2022\/07\/3-circular-approaches-to-reduce-demand-for-critical-minerals<\/a><\/p>\n\n\n\n<p>Vorgeschlagen wird eine Kreislaufwirtschaft, in der der Besitzer eines Ger\u00e4tes zu dessen Nutzer wird, zum Beispiel \u00fcber Mietmodelle. Die Denkweise vom Besitztum soll \u00fcbergehen zur Inanspruchnahme einer Dienstleistung. Angestrebt werden Mehrfachnutzungen \u00fcber Leihsysteme. Dabei sollen Benutzerprofile und, etwa f\u00fcr Autos, schl\u00fcssellose Entriegelungsfunktionen zum Einsatz kommen. Auch die Haltbarkeit und weitere Verwendung ausrangierter Ger\u00e4te m\u00fcsse verbessert werden.<\/p>\n\n\n\n<p>Wegen der immer weitreichenderen Eingriffe, die sich f\u00fcr alle menschlichen Lebensbereiche sowie die Biosph\u00e4re abzeichnen, werden die Transformationsvorschl\u00e4ge zunehmend kritisch betrachtet.<\/p>\n","protected":false},"excerpt":{"rendered":"<div class=\"mh-excerpt\"><p>Die Umstellung auf emissionsfreie Energie wird einen erheblichen Mehrbedarf an seltenen Metallen und Mineralien zur Folge haben. Bis 2050 m\u00fcsste die Produktion um fast 500 % steigen. Das ist einem Bericht der Weltbankgruppe zu entnehmen. <a class=\"mh-excerpt-more\" href=\"https:\/\/www.studiogera.de\/001\/2023\/03\/18\/stark-ansteigender-bedarf-an-seltenen-metallen-wird-erwartet\/\" title=\"STARK ANSTEIGENDER BEDARF AN SELTENEN METALLEN WIRD ERWARTET\">[&#8230;]<\/a><\/p>\n<\/div>","protected":false},"author":2,"featured_media":23768,"comment_status":"open","ping_status":"open","sticky":false,"template":"","format":"standard","meta":{"footnotes":""},"categories":[4],"tags":[],"class_list":{"0":"post-23766","1":"post","2":"type-post","3":"status-publish","4":"format-standard","5":"has-post-thumbnail","7":"category-wirtschaft"},"_links":{"self":[{"href":"https:\/\/www.studiogera.de\/001\/wp-json\/wp\/v2\/posts\/23766","targetHints":{"allow":["GET"]}}],"collection":[{"href":"https:\/\/www.studiogera.de\/001\/wp-json\/wp\/v2\/posts"}],"about":[{"href":"https:\/\/www.studiogera.de\/001\/wp-json\/wp\/v2\/types\/post"}],"author":[{"embeddable":true,"href":"https:\/\/www.studiogera.de\/001\/wp-json\/wp\/v2\/users\/2"}],"replies":[{"embeddable":true,"href":"https:\/\/www.studiogera.de\/001\/wp-json\/wp\/v2\/comments?post=23766"}],"version-history":[{"count":1,"href":"https:\/\/www.studiogera.de\/001\/wp-json\/wp\/v2\/posts\/23766\/revisions"}],"predecessor-version":[{"id":23767,"href":"https:\/\/www.studiogera.de\/001\/wp-json\/wp\/v2\/posts\/23766\/revisions\/23767"}],"wp:featuredmedia":[{"embeddable":true,"href":"https:\/\/www.studiogera.de\/001\/wp-json\/wp\/v2\/media\/23768"}],"wp:attachment":[{"href":"https:\/\/www.studiogera.de\/001\/wp-json\/wp\/v2\/media?parent=23766"}],"wp:term":[{"taxonomy":"category","embeddable":true,"href":"https:\/\/www.studiogera.de\/001\/wp-json\/wp\/v2\/categories?post=23766"},{"taxonomy":"post_tag","embeddable":true,"href":"https:\/\/www.studiogera.de\/001\/wp-json\/wp\/v2\/tags?post=23766"}],"curies":[{"name":"wp","href":"https:\/\/api.w.org\/{rel}","templated":true}]}}