{"id":23973,"date":"2023-03-29T22:18:57","date_gmt":"2023-03-29T20:18:57","guid":{"rendered":"http:\/\/www.studiogera.de\/001\/?p=23973"},"modified":"2023-03-29T22:18:59","modified_gmt":"2023-03-29T20:18:59","slug":"zwei-jugendliche-an-der-zwoetzener-bruecke-gestellt","status":"publish","type":"post","link":"https:\/\/www.studiogera.de\/001\/2023\/03\/29\/zwei-jugendliche-an-der-zwoetzener-bruecke-gestellt\/","title":{"rendered":"ZWEI JUGENDLICHE AN DER ZW\u00d6TZENER BR\u00dcCKE GESTELLT"},"content":{"rendered":"\n<p>\u00a0Zwei 15-J\u00e4hrige m\u00fcssen sich nun f\u00fcr den versuchten Einbruch in eine Gartenlaube verantworten. Doch wie kam es dazu? Am 28. M\u00e4rz gegen 15.50 Uhr beobachten Zeugen die beiden 15-j\u00e4hrigen Einbrecher in einer Gartenanlage An der Zw\u00f6tzener Br\u00fccke. Einer der T\u00e4ter machte sich an der T\u00fcr einer Gartenlaube zu schaffen, w\u00e4hrend der andere Schmiere stand. Die alarmierten Polizisten konnte beide T\u00e4ter nach einem kurzen Fluchtversuch stellen. Abschlie\u00dfend wurden die Jugendlichen ihren Erziehungsberechtigten \u00fcbergeben. An der Gartenlaubent\u00fcr entstand Sachschaden.<\/p>\n","protected":false},"excerpt":{"rendered":"<div class=\"mh-excerpt\"><p>\u00a0Zwei 15-J\u00e4hrige m\u00fcssen sich nun f\u00fcr den versuchten Einbruch in eine Gartenlaube verantworten. Doch wie kam es dazu? Am 28. M\u00e4rz gegen 15.50 Uhr beobachten Zeugen die beiden 15-j\u00e4hrigen Einbrecher in einer Gartenanlage An der <a class=\"mh-excerpt-more\" href=\"https:\/\/www.studiogera.de\/001\/2023\/03\/29\/zwei-jugendliche-an-der-zwoetzener-bruecke-gestellt\/\" title=\"ZWEI JUGENDLICHE AN DER ZW\u00d6TZENER BR\u00dcCKE GESTELLT\">[&#8230;]<\/a><\/p>\n<\/div>","protected":false},"author":2,"featured_media":9357,"comment_status":"open","ping_status":"open","sticky":false,"template":"","format":"standard","meta":{"footnotes":""},"categories":[13],"tags":[],"class_list":{"0":"post-23973","1":"post","2":"type-post","3":"status-publish","4":"format-standard","5":"has-post-thumbnail","7":"category-polizeiberichte"},"_links":{"self":[{"href":"https:\/\/www.studiogera.de\/001\/wp-json\/wp\/v2\/posts\/23973","targetHints":{"allow":["GET"]}}],"collection":[{"href":"https:\/\/www.studiogera.de\/001\/wp-json\/wp\/v2\/posts"}],"about":[{"href":"https:\/\/www.studiogera.de\/001\/wp-json\/wp\/v2\/types\/post"}],"author":[{"embeddable":true,"href":"https:\/\/www.studiogera.de\/001\/wp-json\/wp\/v2\/users\/2"}],"replies":[{"embeddable":true,"href":"https:\/\/www.studiogera.de\/001\/wp-json\/wp\/v2\/comments?post=23973"}],"version-history":[{"count":1,"href":"https:\/\/www.studiogera.de\/001\/wp-json\/wp\/v2\/posts\/23973\/revisions"}],"predecessor-version":[{"id":23974,"href":"https:\/\/www.studiogera.de\/001\/wp-json\/wp\/v2\/posts\/23973\/revisions\/23974"}],"wp:featuredmedia":[{"embeddable":true,"href":"https:\/\/www.studiogera.de\/001\/wp-json\/wp\/v2\/media\/9357"}],"wp:attachment":[{"href":"https:\/\/www.studiogera.de\/001\/wp-json\/wp\/v2\/media?parent=23973"}],"wp:term":[{"taxonomy":"category","embeddable":true,"href":"https:\/\/www.studiogera.de\/001\/wp-json\/wp\/v2\/categories?post=23973"},{"taxonomy":"post_tag","embeddable":true,"href":"https:\/\/www.studiogera.de\/001\/wp-json\/wp\/v2\/tags?post=23973"}],"curies":[{"name":"wp","href":"https:\/\/api.w.org\/{rel}","templated":true}]}}