{"id":23993,"date":"2023-03-30T12:42:17","date_gmt":"2023-03-30T10:42:17","guid":{"rendered":"http:\/\/www.studiogera.de\/001\/?p=23993"},"modified":"2023-03-30T12:42:19","modified_gmt":"2023-03-30T10:42:19","slug":"verfassungswidriges-symbol-auf-gehweg-in-bad-koestritz","status":"publish","type":"post","link":"https:\/\/www.studiogera.de\/001\/2023\/03\/30\/verfassungswidriges-symbol-auf-gehweg-in-bad-koestritz\/","title":{"rendered":"VERFASSUNGSWIDRIGES SYMBOL AUF GEHWEG IN BAD K\u00d6STRITZ"},"content":{"rendered":"\n<p>Am Sommerbad in Bad K\u00f6stritz kratzte ein 18-J\u00e4hriger am 29. M\u00e4rz 2023 zwischen 11.30 Uhr und 11.55 Uhr zwei verfassungswidrige Symbole in den Betonboden ein. Die eingesetzten Polizisten lie\u00dfen die Symbole unkenntlich machen und leiteten ein Ermittlungsverfahren ein.<\/p>\n","protected":false},"excerpt":{"rendered":"<div class=\"mh-excerpt\"><p>Am Sommerbad in Bad K\u00f6stritz kratzte ein 18-J\u00e4hriger am 29. M\u00e4rz 2023 zwischen 11.30 Uhr und 11.55 Uhr zwei verfassungswidrige Symbole in den Betonboden ein. Die eingesetzten Polizisten lie\u00dfen die Symbole unkenntlich machen und leiteten <a class=\"mh-excerpt-more\" href=\"https:\/\/www.studiogera.de\/001\/2023\/03\/30\/verfassungswidriges-symbol-auf-gehweg-in-bad-koestritz\/\" title=\"VERFASSUNGSWIDRIGES SYMBOL AUF GEHWEG IN BAD K\u00d6STRITZ\">[&#8230;]<\/a><\/p>\n<\/div>","protected":false},"author":2,"featured_media":9353,"comment_status":"open","ping_status":"open","sticky":false,"template":"","format":"standard","meta":{"footnotes":""},"categories":[13],"tags":[],"class_list":{"0":"post-23993","1":"post","2":"type-post","3":"status-publish","4":"format-standard","5":"has-post-thumbnail","7":"category-polizeiberichte"},"_links":{"self":[{"href":"https:\/\/www.studiogera.de\/001\/wp-json\/wp\/v2\/posts\/23993","targetHints":{"allow":["GET"]}}],"collection":[{"href":"https:\/\/www.studiogera.de\/001\/wp-json\/wp\/v2\/posts"}],"about":[{"href":"https:\/\/www.studiogera.de\/001\/wp-json\/wp\/v2\/types\/post"}],"author":[{"embeddable":true,"href":"https:\/\/www.studiogera.de\/001\/wp-json\/wp\/v2\/users\/2"}],"replies":[{"embeddable":true,"href":"https:\/\/www.studiogera.de\/001\/wp-json\/wp\/v2\/comments?post=23993"}],"version-history":[{"count":1,"href":"https:\/\/www.studiogera.de\/001\/wp-json\/wp\/v2\/posts\/23993\/revisions"}],"predecessor-version":[{"id":23994,"href":"https:\/\/www.studiogera.de\/001\/wp-json\/wp\/v2\/posts\/23993\/revisions\/23994"}],"wp:featuredmedia":[{"embeddable":true,"href":"https:\/\/www.studiogera.de\/001\/wp-json\/wp\/v2\/media\/9353"}],"wp:attachment":[{"href":"https:\/\/www.studiogera.de\/001\/wp-json\/wp\/v2\/media?parent=23993"}],"wp:term":[{"taxonomy":"category","embeddable":true,"href":"https:\/\/www.studiogera.de\/001\/wp-json\/wp\/v2\/categories?post=23993"},{"taxonomy":"post_tag","embeddable":true,"href":"https:\/\/www.studiogera.de\/001\/wp-json\/wp\/v2\/tags?post=23993"}],"curies":[{"name":"wp","href":"https:\/\/api.w.org\/{rel}","templated":true}]}}