{"id":23997,"date":"2023-03-30T12:47:46","date_gmt":"2023-03-30T10:47:46","guid":{"rendered":"http:\/\/www.studiogera.de\/001\/?p=23997"},"modified":"2023-03-30T12:47:47","modified_gmt":"2023-03-30T10:47:47","slug":"fahrradteile-in-der-burgstrasse-entwendet","status":"publish","type":"post","link":"https:\/\/www.studiogera.de\/001\/2023\/03\/30\/fahrradteile-in-der-burgstrasse-entwendet\/","title":{"rendered":"FAHRRADTEILE IN DER BURGSTRASSE ENTWENDET"},"content":{"rendered":"\n<p>Auf bislang unbekannte Art und Weise gelangten Diebe zwischen dem 22. und 29. M\u00e4rz in ein Kellerabteil in der Burgstra\u00dfe. Dort demontierten sie das Vorder- sowie Hinterrad und die Vordergabel eines Fahrrades. Anschlie\u00dfend fl\u00fcchteten sie. Die Geraer Polizei ermittelt. Zeugenhinweise nimmt die Polizei unter der Telefonnummer 0365 8290 entgegen.<\/p>\n","protected":false},"excerpt":{"rendered":"<div class=\"mh-excerpt\"><p>Auf bislang unbekannte Art und Weise gelangten Diebe zwischen dem 22. und 29. M\u00e4rz in ein Kellerabteil in der Burgstra\u00dfe. Dort demontierten sie das Vorder- sowie Hinterrad und die Vordergabel eines Fahrrades. Anschlie\u00dfend fl\u00fcchteten sie. <a class=\"mh-excerpt-more\" href=\"https:\/\/www.studiogera.de\/001\/2023\/03\/30\/fahrradteile-in-der-burgstrasse-entwendet\/\" title=\"FAHRRADTEILE IN DER BURGSTRASSE ENTWENDET\">[&#8230;]<\/a><\/p>\n<\/div>","protected":false},"author":2,"featured_media":9353,"comment_status":"open","ping_status":"open","sticky":false,"template":"","format":"standard","meta":{"footnotes":""},"categories":[13],"tags":[],"class_list":{"0":"post-23997","1":"post","2":"type-post","3":"status-publish","4":"format-standard","5":"has-post-thumbnail","7":"category-polizeiberichte"},"_links":{"self":[{"href":"https:\/\/www.studiogera.de\/001\/wp-json\/wp\/v2\/posts\/23997","targetHints":{"allow":["GET"]}}],"collection":[{"href":"https:\/\/www.studiogera.de\/001\/wp-json\/wp\/v2\/posts"}],"about":[{"href":"https:\/\/www.studiogera.de\/001\/wp-json\/wp\/v2\/types\/post"}],"author":[{"embeddable":true,"href":"https:\/\/www.studiogera.de\/001\/wp-json\/wp\/v2\/users\/2"}],"replies":[{"embeddable":true,"href":"https:\/\/www.studiogera.de\/001\/wp-json\/wp\/v2\/comments?post=23997"}],"version-history":[{"count":1,"href":"https:\/\/www.studiogera.de\/001\/wp-json\/wp\/v2\/posts\/23997\/revisions"}],"predecessor-version":[{"id":23998,"href":"https:\/\/www.studiogera.de\/001\/wp-json\/wp\/v2\/posts\/23997\/revisions\/23998"}],"wp:featuredmedia":[{"embeddable":true,"href":"https:\/\/www.studiogera.de\/001\/wp-json\/wp\/v2\/media\/9353"}],"wp:attachment":[{"href":"https:\/\/www.studiogera.de\/001\/wp-json\/wp\/v2\/media?parent=23997"}],"wp:term":[{"taxonomy":"category","embeddable":true,"href":"https:\/\/www.studiogera.de\/001\/wp-json\/wp\/v2\/categories?post=23997"},{"taxonomy":"post_tag","embeddable":true,"href":"https:\/\/www.studiogera.de\/001\/wp-json\/wp\/v2\/tags?post=23997"}],"curies":[{"name":"wp","href":"https:\/\/api.w.org\/{rel}","templated":true}]}}