{"id":24271,"date":"2023-04-18T11:31:21","date_gmt":"2023-04-18T09:31:21","guid":{"rendered":"http:\/\/www.studiogera.de\/001\/?p=24271"},"modified":"2023-04-18T11:31:23","modified_gmt":"2023-04-18T09:31:23","slug":"pkw-in-der-prof-simmel-strasse-zerkratzt","status":"publish","type":"post","link":"https:\/\/www.studiogera.de\/001\/2023\/04\/18\/pkw-in-der-prof-simmel-strasse-zerkratzt\/","title":{"rendered":"PKW IN DER PROF.-SIMMEL-STRASSE ZERKRATZT"},"content":{"rendered":"\n<p>Der Eigent\u00fcmer eines BMW meldete sich am 17. April 2023 bei der Polizei in Gera und teilte mit, dass sein in der Prof.-Simmel-Stra\u00dfe geparktes Fahrzeug besch\u00e4digt wurde. Die Tatzeit konnte nach ersten Ermittlungen auf die Zeit zwischen 15 Uhr und 20.10 Uhr eingegrenzt werden. Bei seiner Tat verursachte der T\u00e4ter Lackkratzer an dem BMW und somit Sachschaden. Die Polizei hat die Ermittlungen aufgenommen. Sofern Sie Hinweise zur Tat oder dem T\u00e4ter machen k\u00f6nnen, werden Sie gebeten, sich unter der Telefonnummer 0365 8290 zu melden.<\/p>\n","protected":false},"excerpt":{"rendered":"<div class=\"mh-excerpt\"><p>Der Eigent\u00fcmer eines BMW meldete sich am 17. April 2023 bei der Polizei in Gera und teilte mit, dass sein in der Prof.-Simmel-Stra\u00dfe geparktes Fahrzeug besch\u00e4digt wurde. Die Tatzeit konnte nach ersten Ermittlungen auf die <a class=\"mh-excerpt-more\" href=\"https:\/\/www.studiogera.de\/001\/2023\/04\/18\/pkw-in-der-prof-simmel-strasse-zerkratzt\/\" title=\"PKW IN DER PROF.-SIMMEL-STRASSE ZERKRATZT\">[&#8230;]<\/a><\/p>\n<\/div>","protected":false},"author":2,"featured_media":9356,"comment_status":"open","ping_status":"open","sticky":false,"template":"","format":"standard","meta":{"footnotes":""},"categories":[13],"tags":[],"class_list":{"0":"post-24271","1":"post","2":"type-post","3":"status-publish","4":"format-standard","5":"has-post-thumbnail","7":"category-polizeiberichte"},"_links":{"self":[{"href":"https:\/\/www.studiogera.de\/001\/wp-json\/wp\/v2\/posts\/24271","targetHints":{"allow":["GET"]}}],"collection":[{"href":"https:\/\/www.studiogera.de\/001\/wp-json\/wp\/v2\/posts"}],"about":[{"href":"https:\/\/www.studiogera.de\/001\/wp-json\/wp\/v2\/types\/post"}],"author":[{"embeddable":true,"href":"https:\/\/www.studiogera.de\/001\/wp-json\/wp\/v2\/users\/2"}],"replies":[{"embeddable":true,"href":"https:\/\/www.studiogera.de\/001\/wp-json\/wp\/v2\/comments?post=24271"}],"version-history":[{"count":1,"href":"https:\/\/www.studiogera.de\/001\/wp-json\/wp\/v2\/posts\/24271\/revisions"}],"predecessor-version":[{"id":24272,"href":"https:\/\/www.studiogera.de\/001\/wp-json\/wp\/v2\/posts\/24271\/revisions\/24272"}],"wp:featuredmedia":[{"embeddable":true,"href":"https:\/\/www.studiogera.de\/001\/wp-json\/wp\/v2\/media\/9356"}],"wp:attachment":[{"href":"https:\/\/www.studiogera.de\/001\/wp-json\/wp\/v2\/media?parent=24271"}],"wp:term":[{"taxonomy":"category","embeddable":true,"href":"https:\/\/www.studiogera.de\/001\/wp-json\/wp\/v2\/categories?post=24271"},{"taxonomy":"post_tag","embeddable":true,"href":"https:\/\/www.studiogera.de\/001\/wp-json\/wp\/v2\/tags?post=24271"}],"curies":[{"name":"wp","href":"https:\/\/api.w.org\/{rel}","templated":true}]}}