{"id":24273,"date":"2023-04-18T11:33:58","date_gmt":"2023-04-18T09:33:58","guid":{"rendered":"http:\/\/www.studiogera.de\/001\/?p=24273"},"modified":"2023-04-18T11:33:59","modified_gmt":"2023-04-18T09:33:59","slug":"einbruch-in-harpersdorfer-schulgebaeude","status":"publish","type":"post","link":"https:\/\/www.studiogera.de\/001\/2023\/04\/18\/einbruch-in-harpersdorfer-schulgebaeude\/","title":{"rendered":"EINBRUCH IN HARPERSDORFER SCHULGEB\u00c4UDE"},"content":{"rendered":"\n<p>Am Montag, den 17. April, brach eine bislang unbekannte Person gegen Ende der Nacht zwischen 3.45 Uhr und 4.15 Uhr gewaltsam in ein Schulgeb\u00e4ude in Harpersdorf ein. In dem Objekt durchsuchte der T\u00e4ter mehrere R\u00e4ume und sammelte verschiedene Gegenst\u00e4nde als Beute zusammen. Vermutlich wurde der T\u00e4ter hierbei gest\u00f6rt, so dass er fl\u00fcchtete und seine Beute zur\u00fccklie\u00df. Die Kriminalpolizei ermittelt und sucht in diesem Zusammenhang nach Zeugen. Die Rufnummer lautet 0365 82341465.<\/p>\n","protected":false},"excerpt":{"rendered":"<div class=\"mh-excerpt\"><p>Am Montag, den 17. April, brach eine bislang unbekannte Person gegen Ende der Nacht zwischen 3.45 Uhr und 4.15 Uhr gewaltsam in ein Schulgeb\u00e4ude in Harpersdorf ein. In dem Objekt durchsuchte der T\u00e4ter mehrere R\u00e4ume <a class=\"mh-excerpt-more\" href=\"https:\/\/www.studiogera.de\/001\/2023\/04\/18\/einbruch-in-harpersdorfer-schulgebaeude\/\" title=\"EINBRUCH IN HARPERSDORFER SCHULGEB\u00c4UDE\">[&#8230;]<\/a><\/p>\n<\/div>","protected":false},"author":2,"featured_media":9351,"comment_status":"open","ping_status":"open","sticky":false,"template":"","format":"standard","meta":{"footnotes":""},"categories":[13],"tags":[],"class_list":{"0":"post-24273","1":"post","2":"type-post","3":"status-publish","4":"format-standard","5":"has-post-thumbnail","7":"category-polizeiberichte"},"_links":{"self":[{"href":"https:\/\/www.studiogera.de\/001\/wp-json\/wp\/v2\/posts\/24273","targetHints":{"allow":["GET"]}}],"collection":[{"href":"https:\/\/www.studiogera.de\/001\/wp-json\/wp\/v2\/posts"}],"about":[{"href":"https:\/\/www.studiogera.de\/001\/wp-json\/wp\/v2\/types\/post"}],"author":[{"embeddable":true,"href":"https:\/\/www.studiogera.de\/001\/wp-json\/wp\/v2\/users\/2"}],"replies":[{"embeddable":true,"href":"https:\/\/www.studiogera.de\/001\/wp-json\/wp\/v2\/comments?post=24273"}],"version-history":[{"count":1,"href":"https:\/\/www.studiogera.de\/001\/wp-json\/wp\/v2\/posts\/24273\/revisions"}],"predecessor-version":[{"id":24274,"href":"https:\/\/www.studiogera.de\/001\/wp-json\/wp\/v2\/posts\/24273\/revisions\/24274"}],"wp:featuredmedia":[{"embeddable":true,"href":"https:\/\/www.studiogera.de\/001\/wp-json\/wp\/v2\/media\/9351"}],"wp:attachment":[{"href":"https:\/\/www.studiogera.de\/001\/wp-json\/wp\/v2\/media?parent=24273"}],"wp:term":[{"taxonomy":"category","embeddable":true,"href":"https:\/\/www.studiogera.de\/001\/wp-json\/wp\/v2\/categories?post=24273"},{"taxonomy":"post_tag","embeddable":true,"href":"https:\/\/www.studiogera.de\/001\/wp-json\/wp\/v2\/tags?post=24273"}],"curies":[{"name":"wp","href":"https:\/\/api.w.org\/{rel}","templated":true}]}}