{"id":24298,"date":"2023-04-19T17:48:02","date_gmt":"2023-04-19T15:48:02","guid":{"rendered":"http:\/\/www.studiogera.de\/001\/?p=24298"},"modified":"2023-04-19T17:48:04","modified_gmt":"2023-04-19T15:48:04","slug":"smartcity-energietag-und-mitmachkursus","status":"publish","type":"post","link":"https:\/\/www.studiogera.de\/001\/2023\/04\/19\/smartcity-energietag-und-mitmachkursus\/","title":{"rendered":"SMARTCITY: ENERGIETAG UND MITMACHKURSUS"},"content":{"rendered":"\n<p>Am Samstag, den 29. April 2023, bietet sich Technik-Interessierten ab 12 Uhr wiederholt die M\u00f6glichkeit, Umweltsensoren im Zuge eines Smartcity-Mitmachkurses\u00a0herzustellen. Die Teilnehmer erhalten hierf\u00fcr spezielle Baus\u00e4tze, mit denen unter Anleitung eigene Sensoren gebastelt werden k\u00f6nnen. Mit diesen werden Feinstaub, Temperatur, Luftfeuchtigkeit oder Pollenaufkommen gemessen und intelligent miteinander vernetzt. Die Sensoren k\u00f6nnen anschlie\u00dfend relevante Daten f\u00fcr Gera sammeln und ins Smartcity-Cockpit der Stadt eingebunden werden.\u00a0<\/p>\n\n\n\n<p>Rico Trost, Leiter des Amtes f\u00fcr Zentrale Steuerung, freut sich auf dieses Event, welches auch im vergangenen Jahr zahlreiche Interessierte anzog:<\/p>\n\n\n\n<blockquote class=\"wp-block-quote is-layout-flow wp-block-quote-is-layout-flow\">\n<p>\u201eDer Workshop bietet den Teilnehmenden \u201aSmartcity zum Anfassen\u2018. Au\u00dferdem soll im direkten, ganz praktischen Austausch mit den B\u00fcrgerinnen und B\u00fcrgern deutlich werden, wie man dank intelligenter Technologien eine Stadt zukunftsf\u00e4hig gestalten kann.\u201c<\/p>\n<\/blockquote>\n\n\n\n<p>Auch Mitarbeiter der Projektgruppe Smartcity stehen zur Verf\u00fcgung, um Fragen zum Projekt zu beantworten und mit G\u00e4sten des Hofwiesenparkfestes ins Gespr\u00e4ch zu kommen, so Rico Trost.<\/p>\n\n\n\n<p>Sensoren spielen f\u00fcr Smartcity eine wesentliche Rolle und finden bereits vielf\u00e4ltig Verwendung. Die von der Stadt Gera bereits \u00fcber Sensoren erhobenen und gesammelten Daten sind im Geraer Smartcity Cockpit unter folgender Adresse einsehbar:<\/p>\n\n\n\n<p><a href=\"https:\/\/cockpit.gera.de\/\">https:\/\/cockpit.gera.de\/<\/a><\/p>\n\n\n\n<p>Interessierte k\u00f6nnen sich am 29. April am Zelt des B\u00fcrgernetzes Gera-Greiz e. V. im Hofwiesenpark einfinden. Bis zum Abend stehen dort Betreuer bereit, die die jeweils individuelle Montage der Sensoren begleiten und anleiten sowie \u00fcber die Funktionalit\u00e4t und Bedeutung von Sensorik informieren. Eine vorherige Anmeldung oder Vorkenntnisse sind nicht erforderlich. Minderj\u00e4hrige d\u00fcrfen in Begleitung eines Erwachsenen teilnehmen.<\/p>\n\n\n\n<p>Weitere Informationen zu den Pilotma\u00dfnahmen und zum Projekt Smartcity Gera finden Sie unter folgender Adresse:<\/p>\n\n\n\n<p><a href=\"https:\/\/unser.gera.de\/projekte\/smartcity\/\">https:\/\/unser.gera.de\/projekte\/smartcity\/<\/a> <\/p>\n\n\n\n<p>Die Stadt Gera und die Duale Hochschule Gera-Eisenach laden zuvor alle interessierten B\u00fcrger der Stadt zum Smartcity Energietag am 27. April 2023 ins Kultur- und Kongresszentrum ein, wo sie sich \u00fcber die Energiewende und die konkreten Rahmenbedingungen in Gera informieren k\u00f6nnen. Die Veranstaltung beginnt um 13 Uhr. Um vorherige Anmeldung wird gebeten:<\/p>\n\n\n\n<p><a href=\"https:\/\/unser.gera.de\/event\/energietag\/\">https:\/\/unser.gera.de\/event\/energietag\/<\/a><\/p>\n\n\n\n<p>Der Smartcity Energietag richtet sich an alle interessierten B\u00fcrger, Vereine, \u00f6ffentliche Einrichtungen und Unternehmen vor Ort und bietet spannende Impulsvortr\u00e4ge zu den Energiethemen, die die Menschen in Gera und Umgebung bewegen. Themen sind dabei unter anderem die \u00f6rtliche Wasserstoff-Gasnetztransformation, das Klimaschutzkonzept oder auch F\u00f6rderm\u00f6glichkeiten. Weiterhin soll die Veranstaltung auch die M\u00f6glichkeit zur aktiven B\u00fcrgerbeteiligung und zum Dialog mit zust\u00e4ndigen Akteuren der Stadt bieten. Rico Trost, Leiter des Amts f\u00fcr Zentrale Steuerung, erkl\u00e4rt hierzu:<\/p>\n\n\n\n<blockquote class=\"wp-block-quote is-layout-flow wp-block-quote-is-layout-flow\">\n<p>\u201eAls Smartcity-Modellstadt hat sich Gera einer nachhaltigen und integrierten Stadtentwicklung verpflichtet und f\u00f6rdert umweltfreundliche Mobilit\u00e4ts-, Energie- und Abfallkonzepte. Mit dem Energietag m\u00f6chten wir allen B\u00fcrgerinnen und B\u00fcrgern der Stadt eine Plattform bieten, um sich \u00fcber aktuelle Entwicklungen und Projekte zu informieren und im Austausch mit den anwesenden Experten ganz konkrete Fragen zu besprechen.\u201c<\/p>\n<\/blockquote>\n\n\n\n<p><a href=\"https:\/\/unser.gera.de\/smartcity-gera-energietag\/\">https:\/\/unser.gera.de\/smartcity-gera-energietag\/<\/a><\/p>\n\n\n\n<p>QUELLE: STADTVERWALTUNG<\/p>\n","protected":false},"excerpt":{"rendered":"<div class=\"mh-excerpt\"><p>Am Samstag, den 29. April 2023, bietet sich Technik-Interessierten ab 12 Uhr wiederholt die M\u00f6glichkeit, Umweltsensoren im Zuge eines Smartcity-Mitmachkurses\u00a0herzustellen. Die Teilnehmer erhalten hierf\u00fcr spezielle Baus\u00e4tze, mit denen unter Anleitung eigene Sensoren gebastelt werden k\u00f6nnen. <a class=\"mh-excerpt-more\" href=\"https:\/\/www.studiogera.de\/001\/2023\/04\/19\/smartcity-energietag-und-mitmachkursus\/\" title=\"SMARTCITY: ENERGIETAG UND MITMACHKURSUS\">[&#8230;]<\/a><\/p>\n<\/div>","protected":false},"author":2,"featured_media":24299,"comment_status":"open","ping_status":"open","sticky":false,"template":"","format":"standard","meta":{"footnotes":""},"categories":[3],"tags":[],"class_list":{"0":"post-24298","1":"post","2":"type-post","3":"status-publish","4":"format-standard","5":"has-post-thumbnail","7":"category-lokal"},"_links":{"self":[{"href":"https:\/\/www.studiogera.de\/001\/wp-json\/wp\/v2\/posts\/24298","targetHints":{"allow":["GET"]}}],"collection":[{"href":"https:\/\/www.studiogera.de\/001\/wp-json\/wp\/v2\/posts"}],"about":[{"href":"https:\/\/www.studiogera.de\/001\/wp-json\/wp\/v2\/types\/post"}],"author":[{"embeddable":true,"href":"https:\/\/www.studiogera.de\/001\/wp-json\/wp\/v2\/users\/2"}],"replies":[{"embeddable":true,"href":"https:\/\/www.studiogera.de\/001\/wp-json\/wp\/v2\/comments?post=24298"}],"version-history":[{"count":1,"href":"https:\/\/www.studiogera.de\/001\/wp-json\/wp\/v2\/posts\/24298\/revisions"}],"predecessor-version":[{"id":24300,"href":"https:\/\/www.studiogera.de\/001\/wp-json\/wp\/v2\/posts\/24298\/revisions\/24300"}],"wp:featuredmedia":[{"embeddable":true,"href":"https:\/\/www.studiogera.de\/001\/wp-json\/wp\/v2\/media\/24299"}],"wp:attachment":[{"href":"https:\/\/www.studiogera.de\/001\/wp-json\/wp\/v2\/media?parent=24298"}],"wp:term":[{"taxonomy":"category","embeddable":true,"href":"https:\/\/www.studiogera.de\/001\/wp-json\/wp\/v2\/categories?post=24298"},{"taxonomy":"post_tag","embeddable":true,"href":"https:\/\/www.studiogera.de\/001\/wp-json\/wp\/v2\/tags?post=24298"}],"curies":[{"name":"wp","href":"https:\/\/api.w.org\/{rel}","templated":true}]}}