{"id":24313,"date":"2023-04-21T00:20:36","date_gmt":"2023-04-20T22:20:36","guid":{"rendered":"http:\/\/www.studiogera.de\/001\/?p=24313"},"modified":"2023-04-21T00:20:38","modified_gmt":"2023-04-20T22:20:38","slug":"e-fahrrad-und-fahrradteile-aus-keller-gestohlen","status":"publish","type":"post","link":"https:\/\/www.studiogera.de\/001\/2023\/04\/21\/e-fahrrad-und-fahrradteile-aus-keller-gestohlen\/","title":{"rendered":"E-FAHRRAD UND FAHRRADTEILE AUS KELLER GESTOHLEN"},"content":{"rendered":"\n<p>\u00dcber den Zeitraum vom 19. M\u00e4rz bis zum 19. April 2023 verschafften sich Unbekannte Zutritt zu einem Kellerbereich in der Rudolf-Scheffel-Stra\u00dfe. In dem Keller demontierten sie Teile eines abgestellten E-Fahrrades eines 75-J\u00e4hrigen. Au\u00dferdem schien ihnen ein weiteres E-Fahrrad zu gefallen, so dass sie es kurzerhand entwendeten. Im Rahmen der polizeilichen Ermittlungen konnten dem Eigent\u00fcmer des Fahrrads schnell gute Nachrichten \u00fcberbracht werden. Polizisten hatten das Fahrrad bereits am Mittwochmorgen, den 19. April 2023, im Rahmen der Streife fest- und sichergestellt. Die Ermittlungen zu den T\u00e4tern und dem Tathergang dauern an. Sofern Sie Zeugenhinweise geben k\u00f6nnen, werden sie gebeten, sich an den Inspektionsdienst Gera unter der Rufnummer 0365 8290 zu wenden.<\/p>\n","protected":false},"excerpt":{"rendered":"<div class=\"mh-excerpt\"><p>\u00dcber den Zeitraum vom 19. M\u00e4rz bis zum 19. April 2023 verschafften sich Unbekannte Zutritt zu einem Kellerbereich in der Rudolf-Scheffel-Stra\u00dfe. In dem Keller demontierten sie Teile eines abgestellten E-Fahrrades eines 75-J\u00e4hrigen. Au\u00dferdem schien ihnen <a class=\"mh-excerpt-more\" href=\"https:\/\/www.studiogera.de\/001\/2023\/04\/21\/e-fahrrad-und-fahrradteile-aus-keller-gestohlen\/\" title=\"E-FAHRRAD UND FAHRRADTEILE AUS KELLER GESTOHLEN\">[&#8230;]<\/a><\/p>\n<\/div>","protected":false},"author":2,"featured_media":9356,"comment_status":"open","ping_status":"open","sticky":false,"template":"","format":"standard","meta":{"footnotes":""},"categories":[13],"tags":[],"class_list":{"0":"post-24313","1":"post","2":"type-post","3":"status-publish","4":"format-standard","5":"has-post-thumbnail","7":"category-polizeiberichte"},"_links":{"self":[{"href":"https:\/\/www.studiogera.de\/001\/wp-json\/wp\/v2\/posts\/24313","targetHints":{"allow":["GET"]}}],"collection":[{"href":"https:\/\/www.studiogera.de\/001\/wp-json\/wp\/v2\/posts"}],"about":[{"href":"https:\/\/www.studiogera.de\/001\/wp-json\/wp\/v2\/types\/post"}],"author":[{"embeddable":true,"href":"https:\/\/www.studiogera.de\/001\/wp-json\/wp\/v2\/users\/2"}],"replies":[{"embeddable":true,"href":"https:\/\/www.studiogera.de\/001\/wp-json\/wp\/v2\/comments?post=24313"}],"version-history":[{"count":1,"href":"https:\/\/www.studiogera.de\/001\/wp-json\/wp\/v2\/posts\/24313\/revisions"}],"predecessor-version":[{"id":24314,"href":"https:\/\/www.studiogera.de\/001\/wp-json\/wp\/v2\/posts\/24313\/revisions\/24314"}],"wp:featuredmedia":[{"embeddable":true,"href":"https:\/\/www.studiogera.de\/001\/wp-json\/wp\/v2\/media\/9356"}],"wp:attachment":[{"href":"https:\/\/www.studiogera.de\/001\/wp-json\/wp\/v2\/media?parent=24313"}],"wp:term":[{"taxonomy":"category","embeddable":true,"href":"https:\/\/www.studiogera.de\/001\/wp-json\/wp\/v2\/categories?post=24313"},{"taxonomy":"post_tag","embeddable":true,"href":"https:\/\/www.studiogera.de\/001\/wp-json\/wp\/v2\/tags?post=24313"}],"curies":[{"name":"wp","href":"https:\/\/api.w.org\/{rel}","templated":true}]}}