{"id":24315,"date":"2023-04-21T00:23:03","date_gmt":"2023-04-20T22:23:03","guid":{"rendered":"http:\/\/www.studiogera.de\/001\/?p=24315"},"modified":"2023-04-21T00:23:04","modified_gmt":"2023-04-20T22:23:04","slug":"brennende-solarpaneele-auf-einer-lagerhalle-an-der-wiesestrasse","status":"publish","type":"post","link":"https:\/\/www.studiogera.de\/001\/2023\/04\/21\/brennende-solarpaneele-auf-einer-lagerhalle-an-der-wiesestrasse\/","title":{"rendered":"BRENNENDE SOLARPANEELE AUF EINER LAGERHALLE AN DER WIESESTRASSE"},"content":{"rendered":"\n<p>Polizei und Feuerwehr kamen am 19. April gegen 14 Uhr in der Wiesestra\u00dfe zu Einsatz. Dort brannten mehrere Solarpaneele auf dem Dach einer Lagerhalle. Die Hitze des Feuers besch\u00e4digte hierbei auch Teile des darunterliegenden Daches. Es entstand hoher Sachschaden. Die Ursache f\u00fcr den Brandausbruch ist nun Gegenstand der Ermittlungen.<\/p>\n","protected":false},"excerpt":{"rendered":"<div class=\"mh-excerpt\"><p>Polizei und Feuerwehr kamen am 19. April gegen 14 Uhr in der Wiesestra\u00dfe zu Einsatz. Dort brannten mehrere Solarpaneele auf dem Dach einer Lagerhalle. Die Hitze des Feuers besch\u00e4digte hierbei auch Teile des darunterliegenden Daches. <a class=\"mh-excerpt-more\" href=\"https:\/\/www.studiogera.de\/001\/2023\/04\/21\/brennende-solarpaneele-auf-einer-lagerhalle-an-der-wiesestrasse\/\" title=\"BRENNENDE SOLARPANEELE AUF EINER LAGERHALLE AN DER WIESESTRASSE\">[&#8230;]<\/a><\/p>\n<\/div>","protected":false},"author":2,"featured_media":9362,"comment_status":"open","ping_status":"open","sticky":false,"template":"","format":"standard","meta":{"footnotes":""},"categories":[13],"tags":[],"class_list":{"0":"post-24315","1":"post","2":"type-post","3":"status-publish","4":"format-standard","5":"has-post-thumbnail","7":"category-polizeiberichte"},"_links":{"self":[{"href":"https:\/\/www.studiogera.de\/001\/wp-json\/wp\/v2\/posts\/24315","targetHints":{"allow":["GET"]}}],"collection":[{"href":"https:\/\/www.studiogera.de\/001\/wp-json\/wp\/v2\/posts"}],"about":[{"href":"https:\/\/www.studiogera.de\/001\/wp-json\/wp\/v2\/types\/post"}],"author":[{"embeddable":true,"href":"https:\/\/www.studiogera.de\/001\/wp-json\/wp\/v2\/users\/2"}],"replies":[{"embeddable":true,"href":"https:\/\/www.studiogera.de\/001\/wp-json\/wp\/v2\/comments?post=24315"}],"version-history":[{"count":1,"href":"https:\/\/www.studiogera.de\/001\/wp-json\/wp\/v2\/posts\/24315\/revisions"}],"predecessor-version":[{"id":24316,"href":"https:\/\/www.studiogera.de\/001\/wp-json\/wp\/v2\/posts\/24315\/revisions\/24316"}],"wp:featuredmedia":[{"embeddable":true,"href":"https:\/\/www.studiogera.de\/001\/wp-json\/wp\/v2\/media\/9362"}],"wp:attachment":[{"href":"https:\/\/www.studiogera.de\/001\/wp-json\/wp\/v2\/media?parent=24315"}],"wp:term":[{"taxonomy":"category","embeddable":true,"href":"https:\/\/www.studiogera.de\/001\/wp-json\/wp\/v2\/categories?post=24315"},{"taxonomy":"post_tag","embeddable":true,"href":"https:\/\/www.studiogera.de\/001\/wp-json\/wp\/v2\/tags?post=24315"}],"curies":[{"name":"wp","href":"https:\/\/api.w.org\/{rel}","templated":true}]}}