{"id":24317,"date":"2023-04-21T00:30:15","date_gmt":"2023-04-20T22:30:15","guid":{"rendered":"http:\/\/www.studiogera.de\/001\/?p=24317"},"modified":"2023-04-21T00:30:16","modified_gmt":"2023-04-20T22:30:16","slug":"vu-am-stadtring-abzweig-nach-collis","status":"publish","type":"post","link":"https:\/\/www.studiogera.de\/001\/2023\/04\/21\/vu-am-stadtring-abzweig-nach-collis\/","title":{"rendered":"VU AM STADTRING-ABZWEIG NACH COLLIS"},"content":{"rendered":"\n<p>Im Zuge eines Unfalls gegen 15.40 Uhr am Mittwoch, den 19. April, wurde die 22-j\u00e4hrige Fahrerin eines Seat leicht verletzt. Sie befuhr die Bundesstra\u00dfe hinter dem VW eines 53-J\u00e4hrigen. Auf H\u00f6he des Abzweigs Collis musste der VW-Fahrer aufgrund einer roten Ampel abbremsen. Aus bisher ungekl\u00e4rter Ursache fuhr die 22-J\u00e4hrige auf den VW auf und verletzte sich hierbei leicht. An beiden Fahrzeugen entstand erheblicher Sachschaden.<\/p>\n","protected":false},"excerpt":{"rendered":"<div class=\"mh-excerpt\"><p>Im Zuge eines Unfalls gegen 15.40 Uhr am Mittwoch, den 19. April, wurde die 22-j\u00e4hrige Fahrerin eines Seat leicht verletzt. Sie befuhr die Bundesstra\u00dfe hinter dem VW eines 53-J\u00e4hrigen. Auf H\u00f6he des Abzweigs Collis musste <a class=\"mh-excerpt-more\" href=\"https:\/\/www.studiogera.de\/001\/2023\/04\/21\/vu-am-stadtring-abzweig-nach-collis\/\" title=\"VU AM STADTRING-ABZWEIG NACH COLLIS\">[&#8230;]<\/a><\/p>\n<\/div>","protected":false},"author":2,"featured_media":9358,"comment_status":"open","ping_status":"open","sticky":false,"template":"","format":"standard","meta":{"footnotes":""},"categories":[13],"tags":[],"class_list":{"0":"post-24317","1":"post","2":"type-post","3":"status-publish","4":"format-standard","5":"has-post-thumbnail","7":"category-polizeiberichte"},"_links":{"self":[{"href":"https:\/\/www.studiogera.de\/001\/wp-json\/wp\/v2\/posts\/24317","targetHints":{"allow":["GET"]}}],"collection":[{"href":"https:\/\/www.studiogera.de\/001\/wp-json\/wp\/v2\/posts"}],"about":[{"href":"https:\/\/www.studiogera.de\/001\/wp-json\/wp\/v2\/types\/post"}],"author":[{"embeddable":true,"href":"https:\/\/www.studiogera.de\/001\/wp-json\/wp\/v2\/users\/2"}],"replies":[{"embeddable":true,"href":"https:\/\/www.studiogera.de\/001\/wp-json\/wp\/v2\/comments?post=24317"}],"version-history":[{"count":1,"href":"https:\/\/www.studiogera.de\/001\/wp-json\/wp\/v2\/posts\/24317\/revisions"}],"predecessor-version":[{"id":24318,"href":"https:\/\/www.studiogera.de\/001\/wp-json\/wp\/v2\/posts\/24317\/revisions\/24318"}],"wp:featuredmedia":[{"embeddable":true,"href":"https:\/\/www.studiogera.de\/001\/wp-json\/wp\/v2\/media\/9358"}],"wp:attachment":[{"href":"https:\/\/www.studiogera.de\/001\/wp-json\/wp\/v2\/media?parent=24317"}],"wp:term":[{"taxonomy":"category","embeddable":true,"href":"https:\/\/www.studiogera.de\/001\/wp-json\/wp\/v2\/categories?post=24317"},{"taxonomy":"post_tag","embeddable":true,"href":"https:\/\/www.studiogera.de\/001\/wp-json\/wp\/v2\/tags?post=24317"}],"curies":[{"name":"wp","href":"https:\/\/api.w.org\/{rel}","templated":true}]}}