{"id":24321,"date":"2023-04-21T00:57:10","date_gmt":"2023-04-20T22:57:10","guid":{"rendered":"http:\/\/www.studiogera.de\/001\/?p=24321"},"modified":"2023-04-21T00:57:10","modified_gmt":"2023-04-20T22:57:10","slug":"das-theater-vom-21-bis-23-april-2023","status":"publish","type":"post","link":"https:\/\/www.studiogera.de\/001\/2023\/04\/21\/das-theater-vom-21-bis-23-april-2023\/","title":{"rendered":"DAS THEATER VOM 21. BIS 23. APRIL 2023"},"content":{"rendered":"\n<p>Das Programm in Gera: Im Gro\u00dfen Haus wird die Geschichte einer ehemaligen Aufseherin im Konzentrationslager Auschwitz erz\u00e4hlt, die w\u00e4hrend einer Schiffsreise auf eine fr\u00fchere Insassin trifft. Im Szenario verwandelt \u201eTistou mit den gr\u00fcnen Daumen\u201c alles, was er ber\u00fchrt, in pflanzliche Dinge. Der zweiteilige Ballettabend \u201eErz\u00e4hlte Erinnerungen\u201c ist in der Spielst\u00e4tte B\u00fchne am Park zu erleben. Au\u00dferdem leben im Gro\u00dfen Haus noch einmal die Lieder der Comedian Harmonists auf.<\/p>\n\n\n\n<p><strong>Gera<\/strong><\/p>\n\n\n\n<p>Nach dem gro\u00dfen Erfolg 2019 und der Nominierung f\u00fcr den Deutschen Theaterpreis als beste Musiktheater-Inszenierung der Saison, bereitet das Theater Altenburg Gera derzeit mit gro\u00dfem Aufwand die Wiederaufnahme der Oper \u201eDie Passagierin\u201c von Mieczys\u0142aw Weinberg vor. Die drei geplanten Auff\u00fchrungen finden in der Reihe \u201eWider das Vergessen\u201c, anl\u00e4sslich des 90. Jahrestages der Machtergreifung der Nationalsozialisten in den Wochen nach dem Buchenwald-Befreiungstag statt. Die erste Vorstellung findet am Freitag, den 21. April 2023, um 19.30 im Gro\u00dfen Haus Gera statt. Erz\u00e4hlt wird die Geschichte einer ehemaligen Aufseherin im Konzentrationslager Auschwitz, die w\u00e4hrend einer Schiffsreise auf eine fr\u00fchere Insassin trifft.<\/p>\n\n\n\n<p>Nach der Vorlage des Kinderbuchklassikers \u201eTistou mit den gr\u00fcnen Daumen\u201c hat Regisseur Tim Heilmann ein bezauberndes Puppentheaterst\u00fcck verfasst, dass von dem Jungen Tistou, Sohn und Erbe eines reichen Waffenfabrikanten, handelt. Weil er in der Schule st\u00e4ndig einschl\u00e4ft, beschlie\u00dft Monsieur Papa, dass Tistou einen besonderen Unterricht bekommen soll. Die erste Lektion hei\u00dft: Gartenunterricht bei G\u00e4rtner Schnurrebarbe. Schon bald stellt Schnurrebarbe fest, dass Tistou zwei gr\u00fcne Daumen hat. Seine F\u00e4higkeit, alles in Pflanzliches zu verwandeln, was er ber\u00fchrt, f\u00fchrt unter anderem dazu, dass Waffen wirkungslos werden. Die Reise in unerwartete Abenteuer mit Puppenspielerin Steffi K\u00f6nig, bei der auch ein sprechendes Pony eine wichtige Rolle spielt, ist erstmals am Samstag, den 22. April, um 16 Uhr im Szenario Gera (Eingang links vom Haupteingang) zu erleben.<\/p>\n\n\n\n<p>Fern\u00f6stliche Kl\u00e4nge und ber\u00fchrende Tanzmomente, all das vereint der zweiteilige Ballettabend \u201eErz\u00e4hlte Erinnerungen\u201c. Im ersten Teil der Ballettproduktion erz\u00e4hlt T\u00e4nzerin Yuri Hamano aus Gera in ihrer choreografischen Arbeit von der Malerin Uemura Shoen. Der K\u00fcnstlerin gelang es, sich zu Beginn des 20. Jahrhunderts als erste Frau in der Kunstwelt Japans zu etablieren. Im zweiten Teil verarbeitet die Leipziger T\u00e4nzerin Yi Liu die Erinnerungen ihrer Eltern, die aus Taiwan stammen, das in einem historischen Konflikt mit der Volksrepublik China steht. Der ber\u00fchrende Tanzabend ist zum letzten Mal in dieser Spielzeit am Samstag, den 22. April, um 19.30 Uhr in der Spielst\u00e4tte B\u00fchne am Park zu erleben.<\/p>\n\n\n\n<p>Ob \u201eMein kleiner gr\u00fcner Kaktus\u201c oder \u201eIrgendwo auf der Welt\u201c: Die Comedian Harmonists sind noch immer im Ohr. Doch die gefeierten Stars wurden in ihrer Hochzeit zur verbotenen Gruppe, trotz deutschen Liedguts. Der Grund: drei der Ensemble-Mitglieder waren Juden. Die a cappella-Gruppe durfte so ab 1935 nicht mehr auftreten. Die Lieder sind unvergessen und leben jetzt im Theater Gera am Sonntag, den 23. April, um 18 Uhr noch einmal auf.<\/p>\n\n\n\n<p><strong>Altenburg<\/strong><\/p>\n\n\n\n<p>Wer kennt sie nicht, die zauberhafte Geschichte der Alice im Wunderland. Die Erz\u00e4hlung bringt nun das Kinder- und Jugendballett des Theaters Altenburg Gera unter Leitung der Tanzp\u00e4dagoginnen Claudia Kupsch und Dagmar Stollberg am Samstag, den 22. April 2023, um 16 Uhr im Theaterzelt Altenburg auf die B\u00fchne. Ein bunter M\u00e4rchenspa\u00df f\u00fcr die ganze Familie. Resteintrittskarten gibt es ggf. an der Theaterkasse.<\/p>\n\n\n\n<p>Zu einem \u201eTag der offenen Baustelle\u201c l\u00e4dt das Theater Altenburg Gera in das Theater Altenburg ein. An diesem Tag k\u00f6nnen G\u00e4ste im Rahmen von st\u00fcndlichen F\u00fchrungen u. a. die B\u00fchne mit der Drehb\u00fchne, den Orchestergraben und den Magazinbereich besichtigen und sich \u00fcber den Sanierungsstand informieren. Der Technische Direktor Ren\u00e9 Prautsch wird zudem einen \u00dcberblick \u00fcber die Sanierung geben. Der Eintritt ist kostenfrei. Aufgrund der geringen Platzkapazit\u00e4t muss jedoch ein Zeitticket erworben werden. Der Zugang erfolgt \u00fcber den neuen B\u00fchneneingang neben dem Heizhaus am Theaterplatz 19 (nicht barrierefrei). Resteintrittskarten gibt es ggf. an der Theaterkasse vor Ort.<\/p>\n\n\n\n<p>Die Theaterkasse f\u00fcr Gera befindet sich in der Spielst\u00e4tte B\u00fchne am Park, Theaterplatz 1, und ist dienstags, mittwochs und freitags von 10 Uhr bis 17 Uhr, sowie am donnerstags von 10 Uhr bis 19 Uhr ge\u00f6ffnet. Dar\u00fcber hinaus erfolgt der Kartenvorverkauf jederzeit auch \u00fcber den Webshop. Dieser ist unter der Adresse \u201ewww.theater-altenburg-gera.de\u201c erreichbar.<\/p>\n\n\n\n<p>QUELLE: THEATER ALTENBURG GERA GGMBH<\/p>\n","protected":false},"excerpt":{"rendered":"<div class=\"mh-excerpt\"><p>Das Programm in Gera: Im Gro\u00dfen Haus wird die Geschichte einer ehemaligen Aufseherin im Konzentrationslager Auschwitz erz\u00e4hlt, die w\u00e4hrend einer Schiffsreise auf eine fr\u00fchere Insassin trifft. Im Szenario verwandelt \u201eTistou mit den gr\u00fcnen Daumen\u201c alles, <a class=\"mh-excerpt-more\" href=\"https:\/\/www.studiogera.de\/001\/2023\/04\/21\/das-theater-vom-21-bis-23-april-2023\/\" title=\"DAS THEATER VOM 21. BIS 23. APRIL 2023\">[&#8230;]<\/a><\/p>\n<\/div>","protected":false},"author":2,"featured_media":24322,"comment_status":"open","ping_status":"open","sticky":false,"template":"","format":"standard","meta":{"footnotes":""},"categories":[15],"tags":[],"class_list":{"0":"post-24321","1":"post","2":"type-post","3":"status-publish","4":"format-standard","5":"has-post-thumbnail","7":"category-theater"},"_links":{"self":[{"href":"https:\/\/www.studiogera.de\/001\/wp-json\/wp\/v2\/posts\/24321","targetHints":{"allow":["GET"]}}],"collection":[{"href":"https:\/\/www.studiogera.de\/001\/wp-json\/wp\/v2\/posts"}],"about":[{"href":"https:\/\/www.studiogera.de\/001\/wp-json\/wp\/v2\/types\/post"}],"author":[{"embeddable":true,"href":"https:\/\/www.studiogera.de\/001\/wp-json\/wp\/v2\/users\/2"}],"replies":[{"embeddable":true,"href":"https:\/\/www.studiogera.de\/001\/wp-json\/wp\/v2\/comments?post=24321"}],"version-history":[{"count":1,"href":"https:\/\/www.studiogera.de\/001\/wp-json\/wp\/v2\/posts\/24321\/revisions"}],"predecessor-version":[{"id":24323,"href":"https:\/\/www.studiogera.de\/001\/wp-json\/wp\/v2\/posts\/24321\/revisions\/24323"}],"wp:featuredmedia":[{"embeddable":true,"href":"https:\/\/www.studiogera.de\/001\/wp-json\/wp\/v2\/media\/24322"}],"wp:attachment":[{"href":"https:\/\/www.studiogera.de\/001\/wp-json\/wp\/v2\/media?parent=24321"}],"wp:term":[{"taxonomy":"category","embeddable":true,"href":"https:\/\/www.studiogera.de\/001\/wp-json\/wp\/v2\/categories?post=24321"},{"taxonomy":"post_tag","embeddable":true,"href":"https:\/\/www.studiogera.de\/001\/wp-json\/wp\/v2\/tags?post=24321"}],"curies":[{"name":"wp","href":"https:\/\/api.w.org\/{rel}","templated":true}]}}