{"id":24324,"date":"2023-04-21T09:31:02","date_gmt":"2023-04-21T07:31:02","guid":{"rendered":"http:\/\/www.studiogera.de\/001\/?p=24324"},"modified":"2023-04-21T09:31:04","modified_gmt":"2023-04-21T07:31:04","slug":"eingeschraenkter-eisenbahnverkehr-aufgrund-streik","status":"publish","type":"post","link":"https:\/\/www.studiogera.de\/001\/2023\/04\/21\/eingeschraenkter-eisenbahnverkehr-aufgrund-streik\/","title":{"rendered":"EINGESCHR\u00c4NKTER EISENBAHNVERKEHR AUFGRUND STREIK"},"content":{"rendered":"\n<p>Die Gewerkschaft EVG hat ihre Mitglieder f\u00fcr die Zeit von 3 Uhr bis 11 Uhr zum Streik aufgerufen. In der Folge fallen im Eisenbahnverkehr die meisten Z\u00fcge aus. Das betrifft auch die Mitte-Deutschland-Strecke sowie die Nord-S\u00fcd-Achse \u00fcber Gera. Angeboten werden jedoch einzelne Sonderfahrten.<\/p>\n","protected":false},"excerpt":{"rendered":"<div class=\"mh-excerpt\"><p>Die Gewerkschaft EVG hat ihre Mitglieder f\u00fcr die Zeit von 3 Uhr bis 11 Uhr zum Streik aufgerufen. In der Folge fallen im Eisenbahnverkehr die meisten Z\u00fcge aus. Das betrifft auch die Mitte-Deutschland-Strecke sowie die <a class=\"mh-excerpt-more\" href=\"https:\/\/www.studiogera.de\/001\/2023\/04\/21\/eingeschraenkter-eisenbahnverkehr-aufgrund-streik\/\" title=\"EINGESCHR\u00c4NKTER EISENBAHNVERKEHR AUFGRUND STREIK\">[&#8230;]<\/a><\/p>\n<\/div>","protected":false},"author":3,"featured_media":24325,"comment_status":"open","ping_status":"open","sticky":false,"template":"","format":"standard","meta":{"footnotes":""},"categories":[16],"tags":[],"class_list":{"0":"post-24324","1":"post","2":"type-post","3":"status-publish","4":"format-standard","5":"has-post-thumbnail","7":"category-kurzmitteilungen"},"_links":{"self":[{"href":"https:\/\/www.studiogera.de\/001\/wp-json\/wp\/v2\/posts\/24324","targetHints":{"allow":["GET"]}}],"collection":[{"href":"https:\/\/www.studiogera.de\/001\/wp-json\/wp\/v2\/posts"}],"about":[{"href":"https:\/\/www.studiogera.de\/001\/wp-json\/wp\/v2\/types\/post"}],"author":[{"embeddable":true,"href":"https:\/\/www.studiogera.de\/001\/wp-json\/wp\/v2\/users\/3"}],"replies":[{"embeddable":true,"href":"https:\/\/www.studiogera.de\/001\/wp-json\/wp\/v2\/comments?post=24324"}],"version-history":[{"count":1,"href":"https:\/\/www.studiogera.de\/001\/wp-json\/wp\/v2\/posts\/24324\/revisions"}],"predecessor-version":[{"id":24326,"href":"https:\/\/www.studiogera.de\/001\/wp-json\/wp\/v2\/posts\/24324\/revisions\/24326"}],"wp:featuredmedia":[{"embeddable":true,"href":"https:\/\/www.studiogera.de\/001\/wp-json\/wp\/v2\/media\/24325"}],"wp:attachment":[{"href":"https:\/\/www.studiogera.de\/001\/wp-json\/wp\/v2\/media?parent=24324"}],"wp:term":[{"taxonomy":"category","embeddable":true,"href":"https:\/\/www.studiogera.de\/001\/wp-json\/wp\/v2\/categories?post=24324"},{"taxonomy":"post_tag","embeddable":true,"href":"https:\/\/www.studiogera.de\/001\/wp-json\/wp\/v2\/tags?post=24324"}],"curies":[{"name":"wp","href":"https:\/\/api.w.org\/{rel}","templated":true}]}}