{"id":24327,"date":"2023-04-21T11:12:37","date_gmt":"2023-04-21T09:12:37","guid":{"rendered":"http:\/\/www.studiogera.de\/001\/?p=24327"},"modified":"2023-04-21T11:12:39","modified_gmt":"2023-04-21T09:12:39","slug":"ladendiebstahl-und-hausfriedensbruch-in-der-heinrichstrasse","status":"publish","type":"post","link":"https:\/\/www.studiogera.de\/001\/2023\/04\/21\/ladendiebstahl-und-hausfriedensbruch-in-der-heinrichstrasse\/","title":{"rendered":"LADENDIEBSTAHL UND HAUSFRIEDENSBRUCH IN DER HEINRICHSTRASSE"},"content":{"rendered":"\n<p>Das Vorhaben eines 25-j\u00e4hrigen Ladendiebes endete am 20. April mit einer Anzeige. Kurz vor 16 Uhr befand sich dieser in einem Elektronikfachgesch\u00e4ft in der Heinrichstra\u00dfe. Ein I-Phone 13, welches f\u00fcr interessierte Kunden ausgestellt war, riss er pl\u00f6tzlich vom Kabel, um damit das Gesch\u00e4ft zu verlassen. Ein Mitarbeiter bemerkte jedoch den Vorgang, hielt den Dieb auf und informierte die Polizei. Da gegen den 25-J\u00e4hrigen zudem ein Hausverbot f\u00fcr das Gesch\u00e4ft bestand, machte er sich nicht nur des Ladendiebstahls sondern zus\u00e4tzlich des Haufriedensbruches strafbar.<\/p>\n","protected":false},"excerpt":{"rendered":"<div class=\"mh-excerpt\"><p>Das Vorhaben eines 25-j\u00e4hrigen Ladendiebes endete am 20. April mit einer Anzeige. Kurz vor 16 Uhr befand sich dieser in einem Elektronikfachgesch\u00e4ft in der Heinrichstra\u00dfe. Ein I-Phone 13, welches f\u00fcr interessierte Kunden ausgestellt war, riss <a class=\"mh-excerpt-more\" href=\"https:\/\/www.studiogera.de\/001\/2023\/04\/21\/ladendiebstahl-und-hausfriedensbruch-in-der-heinrichstrasse\/\" title=\"LADENDIEBSTAHL UND HAUSFRIEDENSBRUCH IN DER HEINRICHSTRASSE\">[&#8230;]<\/a><\/p>\n<\/div>","protected":false},"author":3,"featured_media":15695,"comment_status":"open","ping_status":"open","sticky":false,"template":"","format":"standard","meta":{"footnotes":""},"categories":[13],"tags":[],"class_list":{"0":"post-24327","1":"post","2":"type-post","3":"status-publish","4":"format-standard","5":"has-post-thumbnail","7":"category-polizeiberichte"},"_links":{"self":[{"href":"https:\/\/www.studiogera.de\/001\/wp-json\/wp\/v2\/posts\/24327","targetHints":{"allow":["GET"]}}],"collection":[{"href":"https:\/\/www.studiogera.de\/001\/wp-json\/wp\/v2\/posts"}],"about":[{"href":"https:\/\/www.studiogera.de\/001\/wp-json\/wp\/v2\/types\/post"}],"author":[{"embeddable":true,"href":"https:\/\/www.studiogera.de\/001\/wp-json\/wp\/v2\/users\/3"}],"replies":[{"embeddable":true,"href":"https:\/\/www.studiogera.de\/001\/wp-json\/wp\/v2\/comments?post=24327"}],"version-history":[{"count":1,"href":"https:\/\/www.studiogera.de\/001\/wp-json\/wp\/v2\/posts\/24327\/revisions"}],"predecessor-version":[{"id":24328,"href":"https:\/\/www.studiogera.de\/001\/wp-json\/wp\/v2\/posts\/24327\/revisions\/24328"}],"wp:featuredmedia":[{"embeddable":true,"href":"https:\/\/www.studiogera.de\/001\/wp-json\/wp\/v2\/media\/15695"}],"wp:attachment":[{"href":"https:\/\/www.studiogera.de\/001\/wp-json\/wp\/v2\/media?parent=24327"}],"wp:term":[{"taxonomy":"category","embeddable":true,"href":"https:\/\/www.studiogera.de\/001\/wp-json\/wp\/v2\/categories?post=24327"},{"taxonomy":"post_tag","embeddable":true,"href":"https:\/\/www.studiogera.de\/001\/wp-json\/wp\/v2\/tags?post=24327"}],"curies":[{"name":"wp","href":"https:\/\/api.w.org\/{rel}","templated":true}]}}