{"id":24366,"date":"2023-04-24T12:27:21","date_gmt":"2023-04-24T10:27:21","guid":{"rendered":"http:\/\/www.studiogera.de\/001\/?p=24366"},"modified":"2023-04-24T12:27:23","modified_gmt":"2023-04-24T10:27:23","slug":"ruhestoerung-in-der-werner-petzold-strasse","status":"publish","type":"post","link":"https:\/\/www.studiogera.de\/001\/2023\/04\/24\/ruhestoerung-in-der-werner-petzold-strasse\/","title":{"rendered":"RUHEST\u00d6RUNG IN DER WERNER-PETZOLD-STRASSE"},"content":{"rendered":"\n<p>Sonntagnacht verursachte eine gr\u00f6\u00dfere Personengruppe in Lusan in der Werner-Petzold-Stra\u00dfe ruhest\u00f6renden L\u00e4rm, wodurch sie mehrere Anwohner gest\u00f6rt f\u00fchlten. Durch die alarmierten Polizeibeamten konnte die Gruppe vor Ort im Freien kontrolliert und die Feier anschlie\u00dfend aufgel\u00f6st werden. Ein 39-j\u00e4hriger Beteiligter verhielt sich hierbei jedoch unkooperativ, sodass ihm ein Platzverweis ausgesprochen wurde. Als er diesem nicht nachkam, wurde er in Gewahrsam genommen. Hierbei leistete er Widerstand gegen die Polizeibeamten und beleidigte diese.<\/p>\n","protected":false},"excerpt":{"rendered":"<div class=\"mh-excerpt\"><p>Sonntagnacht verursachte eine gr\u00f6\u00dfere Personengruppe in Lusan in der Werner-Petzold-Stra\u00dfe ruhest\u00f6renden L\u00e4rm, wodurch sie mehrere Anwohner gest\u00f6rt f\u00fchlten. Durch die alarmierten Polizeibeamten konnte die Gruppe vor Ort im Freien kontrolliert und die Feier anschlie\u00dfend aufgel\u00f6st <a class=\"mh-excerpt-more\" href=\"https:\/\/www.studiogera.de\/001\/2023\/04\/24\/ruhestoerung-in-der-werner-petzold-strasse\/\" title=\"RUHEST\u00d6RUNG IN DER WERNER-PETZOLD-STRASSE\">[&#8230;]<\/a><\/p>\n<\/div>","protected":false},"author":2,"featured_media":22581,"comment_status":"open","ping_status":"open","sticky":false,"template":"","format":"standard","meta":{"footnotes":""},"categories":[13],"tags":[],"class_list":{"0":"post-24366","1":"post","2":"type-post","3":"status-publish","4":"format-standard","5":"has-post-thumbnail","7":"category-polizeiberichte"},"_links":{"self":[{"href":"https:\/\/www.studiogera.de\/001\/wp-json\/wp\/v2\/posts\/24366","targetHints":{"allow":["GET"]}}],"collection":[{"href":"https:\/\/www.studiogera.de\/001\/wp-json\/wp\/v2\/posts"}],"about":[{"href":"https:\/\/www.studiogera.de\/001\/wp-json\/wp\/v2\/types\/post"}],"author":[{"embeddable":true,"href":"https:\/\/www.studiogera.de\/001\/wp-json\/wp\/v2\/users\/2"}],"replies":[{"embeddable":true,"href":"https:\/\/www.studiogera.de\/001\/wp-json\/wp\/v2\/comments?post=24366"}],"version-history":[{"count":1,"href":"https:\/\/www.studiogera.de\/001\/wp-json\/wp\/v2\/posts\/24366\/revisions"}],"predecessor-version":[{"id":24367,"href":"https:\/\/www.studiogera.de\/001\/wp-json\/wp\/v2\/posts\/24366\/revisions\/24367"}],"wp:featuredmedia":[{"embeddable":true,"href":"https:\/\/www.studiogera.de\/001\/wp-json\/wp\/v2\/media\/22581"}],"wp:attachment":[{"href":"https:\/\/www.studiogera.de\/001\/wp-json\/wp\/v2\/media?parent=24366"}],"wp:term":[{"taxonomy":"category","embeddable":true,"href":"https:\/\/www.studiogera.de\/001\/wp-json\/wp\/v2\/categories?post=24366"},{"taxonomy":"post_tag","embeddable":true,"href":"https:\/\/www.studiogera.de\/001\/wp-json\/wp\/v2\/tags?post=24366"}],"curies":[{"name":"wp","href":"https:\/\/api.w.org\/{rel}","templated":true}]}}