{"id":24446,"date":"2023-04-29T00:10:00","date_gmt":"2023-04-28T22:10:00","guid":{"rendered":"http:\/\/www.studiogera.de\/001\/?p=24446"},"modified":"2023-04-27T12:25:57","modified_gmt":"2023-04-27T10:25:57","slug":"information-der-partei-buendnis-90-die-gruenen-12","status":"publish","type":"post","link":"https:\/\/www.studiogera.de\/001\/2023\/04\/29\/information-der-partei-buendnis-90-die-gruenen-12\/","title":{"rendered":"INFORMATION DER PARTEI \u201eB\u00dcNDNIS \u201990\/DIE GR\u00dcNEN\u201c"},"content":{"rendered":"\n<p><em>Lesen Sie nachfolgend eine Mitteilung des Kreisverbandes Gera der Partei B\u00fcndnis 90\/Die Gr\u00fcnen.<\/em><\/p>\n\n\n\n<p>Am 29. April ist der Kreisverband B\u00fcndnis 90\/Die Gr\u00fcnen Gera von 10 Uhr bis 12 Uhr mit einem Stand vor dem Stadtmuseum. Thema ist die Mobilit\u00e4t in Gera. Anl\u00e4sslich des neuen Radverkehrskonzeptes, welches der Stadt vorliegt, wollen sie den Dialog mit den B\u00fcrgerinnen und B\u00fcrgern suchen. \u201eWir freuen uns auf einen regen Austausch \u00fcber die W\u00fcnsche in unserer Stadt und unseren Ideen f\u00fcr eine moderne Mobilit\u00e4t in Gera\u201c, so Luis Sch\u00e4fer, Vorsitzender des Kreisverbandes.<br><br>QUELLE: B\u00dcNDNIS \u201990\/DIE GR\u00dcNEN<\/p>\n","protected":false},"excerpt":{"rendered":"<div class=\"mh-excerpt\"><p>Lesen Sie nachfolgend eine Mitteilung des Kreisverbandes Gera der Partei B\u00fcndnis 90\/Die Gr\u00fcnen. Am 29. April ist der Kreisverband B\u00fcndnis 90\/Die Gr\u00fcnen Gera von 10 Uhr bis 12 Uhr mit einem Stand vor dem Stadtmuseum. <a class=\"mh-excerpt-more\" href=\"https:\/\/www.studiogera.de\/001\/2023\/04\/29\/information-der-partei-buendnis-90-die-gruenen-12\/\" title=\"INFORMATION DER PARTEI \u201eB\u00dcNDNIS \u201990\/DIE GR\u00dcNEN\u201c\">[&#8230;]<\/a><\/p>\n<\/div>","protected":false},"author":2,"featured_media":24448,"comment_status":"open","ping_status":"open","sticky":false,"template":"","format":"standard","meta":{"footnotes":""},"categories":[16],"tags":[],"class_list":{"0":"post-24446","1":"post","2":"type-post","3":"status-publish","4":"format-standard","5":"has-post-thumbnail","7":"category-kurzmitteilungen"},"_links":{"self":[{"href":"https:\/\/www.studiogera.de\/001\/wp-json\/wp\/v2\/posts\/24446","targetHints":{"allow":["GET"]}}],"collection":[{"href":"https:\/\/www.studiogera.de\/001\/wp-json\/wp\/v2\/posts"}],"about":[{"href":"https:\/\/www.studiogera.de\/001\/wp-json\/wp\/v2\/types\/post"}],"author":[{"embeddable":true,"href":"https:\/\/www.studiogera.de\/001\/wp-json\/wp\/v2\/users\/2"}],"replies":[{"embeddable":true,"href":"https:\/\/www.studiogera.de\/001\/wp-json\/wp\/v2\/comments?post=24446"}],"version-history":[{"count":2,"href":"https:\/\/www.studiogera.de\/001\/wp-json\/wp\/v2\/posts\/24446\/revisions"}],"predecessor-version":[{"id":24449,"href":"https:\/\/www.studiogera.de\/001\/wp-json\/wp\/v2\/posts\/24446\/revisions\/24449"}],"wp:featuredmedia":[{"embeddable":true,"href":"https:\/\/www.studiogera.de\/001\/wp-json\/wp\/v2\/media\/24448"}],"wp:attachment":[{"href":"https:\/\/www.studiogera.de\/001\/wp-json\/wp\/v2\/media?parent=24446"}],"wp:term":[{"taxonomy":"category","embeddable":true,"href":"https:\/\/www.studiogera.de\/001\/wp-json\/wp\/v2\/categories?post=24446"},{"taxonomy":"post_tag","embeddable":true,"href":"https:\/\/www.studiogera.de\/001\/wp-json\/wp\/v2\/tags?post=24446"}],"curies":[{"name":"wp","href":"https:\/\/api.w.org\/{rel}","templated":true}]}}