{"id":24489,"date":"2023-04-28T22:30:30","date_gmt":"2023-04-28T20:30:30","guid":{"rendered":"http:\/\/www.studiogera.de\/001\/?p=24489"},"modified":"2023-04-28T22:30:32","modified_gmt":"2023-04-28T20:30:32","slug":"grosses-festwochenende-im-hofwiesenpark","status":"publish","type":"post","link":"https:\/\/www.studiogera.de\/001\/2023\/04\/28\/grosses-festwochenende-im-hofwiesenpark\/","title":{"rendered":"GROSSES FESTWOCHENENDE IM HOFWIESENPARK"},"content":{"rendered":"\n<p>Mit dem Hofwiesenparkfest beginnt am 29. April in Gera in die Parksaison 2023. Offiziell er\u00f6ffnet wird die mittlerweile 14. Ausgabe des Fests um 14 Uhr von Oberb\u00fcrgermeister Julian Vonarb zusammen mit der K\u00f6stritzer Dahlienk\u00f6nigin Michaela Grace I auf der gro\u00dfen Veranstaltungsb\u00fchne. Die Besucher k\u00f6nnen sich auf zahlreiche Angebote aus den Bereichen Musik, Tanz, Sport sowie Aktionen f\u00fcr die ganze Familie freuen. Ein gro\u00dfes Weindorf bietet gem\u00fctliche Atmosph\u00e4re mit verschiedenen Winzern. Au\u00dferdem sorgen zahlreiche H\u00e4ndlerinnen und H\u00e4ndlern f\u00fcr die gastronomische Versorgung. Wie auch in den vergangenen Jahren findet gleichzeitig das Fr\u00fchjahrsvolksfest auf dem Hofwiesenparkplatz statt, das mit insgesamt 32 Schaustellergesch\u00e4ften, darunter ein \u201eEuropa-Riesenrad\u201c mit 38 Metern H\u00f6he, lockt. Das Hofwiesenparkfest ist Samstag und Sonntag jeweils von 14 Uhr bis 24 Uhr, und Montag von 11 Uhr bis 18 Uhr ge\u00f6ffnet.<\/p>\n\n\n\n<p>Zu den H\u00f6hepunkten des diesj\u00e4hrigen Hofwiesenparkfests geh\u00f6rt auch wieder die Lichternacht am Samstagabend, die in Kooperation zwischen der Stadt Gera und dem \u201eVerein zur nachhaltigen F\u00f6rderung der Idee der Bundesgartenschau\u201c realisiert wird. Um 19 Uhr wird Oberb\u00fcrgermeister Julian Vornab gemeinsam mit Tobias Friedrich, 1. Vereinsvorsitzender, und der Lichterfee die Lichternacht auf der gro\u00dfen B\u00fchne er\u00f6ffnen. Der anschlie\u00dfende Lampionumzug um 20 Uhr f\u00fchrt vom Spieloval durch das Festgel\u00e4nde bis zum Textima-Steg. Die vielen tausend Kerzen und farbenfrohen Windlichter entlang der Wege, die Leuchtfiguren auf den Wiesen und das traditionelle und beliebte Ballongl\u00fchen sollen auch in diesem Jahr wieder alle kleinen und gro\u00dfen Besucher begeistern. Den passenden Soundtrack dazu liefert El Panico und das Katastrophenorchester.<\/p>\n\n\n\n<p>Am Sonntag beginnt um 20.45 Uhr der Umzug zur Walpurgisnacht mit den Hexen vom Volk von Caraslan und den Trommlern von Bateristas del Sol zum Hexenfeuer in der N\u00e4he des Skateparks. Freaks and Fire zelebrieren dort ab 21 Uhr eine Feuershow und entz\u00fcnden als Finale das gro\u00dfe Hexenfeuer.<\/p>\n\n\n\n<p>Dar\u00fcber hinaus bietet das Hofwiesenparkfest im gesamten Areal viele Aktionen und Programme f\u00fcr Jung und Alt. Die B\u00fchne auf der Parkarena bietet ein Programm f\u00fcr jeden Geschmack mit Live-Musik, Tanzshows und DJ-Party am Abend. Im Spieloval k\u00f6nnen sich die Kinder auf ein Mitmach-Programm freuen, unter anderem mit dem \u201eLuginsland\u201c Geschichten- und Piratenzelt, Thomy\u2019s Waldwerkstatt und Clown Lulu. Au\u00dferdem wartet Geras gr\u00f6\u00dfter Kinderspielplatz wieder mit jeder Menge Bastel- und Spielangeboten von Vereinen auf. Auf dem Stadionvorplatz pr\u00e4sentieren sich Bundeswehr, Feuerwehr und THW. Am 1. Mai gibt es dort eine DDR-Motorsportausstellung. Die zahlreichen und vielf\u00e4ltigen Angebote der Geraer Sportvereine pr\u00e4sentieren sich auf einer eigenen Eventfl\u00e4che: Am Areal am Beachvolleyballfeld findet am 29. April wieder die Geraer Sport-Arena zum Hofwiesenparkfest statt. Damit ist auch aus sportlicher Sicht f\u00fcr viel Abwechslung gesorgt. An der Untermh\u00e4user Br\u00fccke gibt es am Samstag und Sonntag ein Interkulturelles Fest der Kulturen mit dem Interkulturellen Verein Gera e. V. und dem Netzwerk Integration in Gera. Wissenswertes und Anekdoten aus der Geraer Stadtgeschichte erz\u00e4hlen die Vertreter vom G\u00e4stef\u00fchrer Region Gera e. V. bei Rundg\u00e4ngen durch den Park. Diese starten am Samstag und Sonntag am Kunstpavillon in der N\u00e4he der Prinzenh\u00e4user.<\/p>\n\n\n\n<p>Gef\u00f6rdert wird das Fest von den beiden Hauptsponsoren, der Sparkasse Gera-Greiz und der K\u00f6stritzer Schwarzbierbrauerei GmbH. Weitere Sponsoren sind die W&amp;H Autohaus GmbH &amp; Co. KG, die Energieversorgung Gera GmbH, das Autohaus Zauch e. K., Bauhaus Gera und Amazon Gera.<\/p>\n\n\n\n<p>Am Samstag und Sonntag ist vor Ort ein Eintrittspreis von f\u00fcnf Euro zu zahlen, am Montag vier Euro. Ein B\u00e4ndchen f\u00fcr alle drei Tage kostet zehn Euro. Kinder bis zum vollendeten sechsten Lebensjahr haben freien Eintritt. Das vollst\u00e4ndige Programm kann unter \u201ewww.hofwiesenparkfest.gera.de\u201c eingesehen werden. Zudem liegen unter anderem in der Gera-Information auch Brosch\u00fcren zur Information aus.<\/p>\n\n\n\n<p>QUELLE: STADTVERWALTUNG<\/p>\n","protected":false},"excerpt":{"rendered":"<div class=\"mh-excerpt\"><p>Mit dem Hofwiesenparkfest beginnt am 29. April in Gera in die Parksaison 2023. Offiziell er\u00f6ffnet wird die mittlerweile 14. Ausgabe des Fests um 14 Uhr von Oberb\u00fcrgermeister Julian Vonarb zusammen mit der K\u00f6stritzer Dahlienk\u00f6nigin Michaela <a class=\"mh-excerpt-more\" href=\"https:\/\/www.studiogera.de\/001\/2023\/04\/28\/grosses-festwochenende-im-hofwiesenpark\/\" title=\"GROSSES FESTWOCHENENDE IM HOFWIESENPARK\">[&#8230;]<\/a><\/p>\n<\/div>","protected":false},"author":2,"featured_media":24490,"comment_status":"open","ping_status":"open","sticky":false,"template":"","format":"standard","meta":{"footnotes":""},"categories":[8],"tags":[],"class_list":{"0":"post-24489","1":"post","2":"type-post","3":"status-publish","4":"format-standard","5":"has-post-thumbnail","7":"category-kultur"},"_links":{"self":[{"href":"https:\/\/www.studiogera.de\/001\/wp-json\/wp\/v2\/posts\/24489","targetHints":{"allow":["GET"]}}],"collection":[{"href":"https:\/\/www.studiogera.de\/001\/wp-json\/wp\/v2\/posts"}],"about":[{"href":"https:\/\/www.studiogera.de\/001\/wp-json\/wp\/v2\/types\/post"}],"author":[{"embeddable":true,"href":"https:\/\/www.studiogera.de\/001\/wp-json\/wp\/v2\/users\/2"}],"replies":[{"embeddable":true,"href":"https:\/\/www.studiogera.de\/001\/wp-json\/wp\/v2\/comments?post=24489"}],"version-history":[{"count":1,"href":"https:\/\/www.studiogera.de\/001\/wp-json\/wp\/v2\/posts\/24489\/revisions"}],"predecessor-version":[{"id":24491,"href":"https:\/\/www.studiogera.de\/001\/wp-json\/wp\/v2\/posts\/24489\/revisions\/24491"}],"wp:featuredmedia":[{"embeddable":true,"href":"https:\/\/www.studiogera.de\/001\/wp-json\/wp\/v2\/media\/24490"}],"wp:attachment":[{"href":"https:\/\/www.studiogera.de\/001\/wp-json\/wp\/v2\/media?parent=24489"}],"wp:term":[{"taxonomy":"category","embeddable":true,"href":"https:\/\/www.studiogera.de\/001\/wp-json\/wp\/v2\/categories?post=24489"},{"taxonomy":"post_tag","embeddable":true,"href":"https:\/\/www.studiogera.de\/001\/wp-json\/wp\/v2\/tags?post=24489"}],"curies":[{"name":"wp","href":"https:\/\/api.w.org\/{rel}","templated":true}]}}