{"id":24642,"date":"2023-05-09T02:12:25","date_gmt":"2023-05-09T00:12:25","guid":{"rendered":"http:\/\/www.studiogera.de\/001\/?p=24642"},"modified":"2023-05-09T02:12:27","modified_gmt":"2023-05-09T00:12:27","slug":"unheimlicher-vorfall-in-der-wiesestrasse","status":"publish","type":"post","link":"https:\/\/www.studiogera.de\/001\/2023\/05\/09\/unheimlicher-vorfall-in-der-wiesestrasse\/","title":{"rendered":"UNHEIMLICHER VORFALL IN DER WIESESTRASSE"},"content":{"rendered":"\n<p>Eine 74-j\u00e4hrige Anwohnerin aus der Wiesestra\u00dfe meldete sich am Freitagabend, den 5. Mai 2023, bei der Geraer Polizei, so dass diese in der Folge die Ermittlungen gegen einen bislang unbekannten Mann einleitete. Laut Auskunft der Seniorin verschaffte sich der Unbekannte gegen 6 Uhr Zugang zu ihrer Terrasse und manipulierte in der Folge an seinem Geschlechtsteil. Als die Anwohnerin auf ihn aufmerksam wurde, forderte sie ihn zum Gehen auf. Der unbekannte Mann fl\u00fcchtete unvermittelt, wobei er einen Einkaufsrolli samt Trinkflaschen vom Balkon der 74-J\u00e4hrigen stahl. Die Geraer Polizei sucht im Zuge der Ermittlungen nach Zeugen, die Hinweise zum Unbekannten geben k\u00f6nnen.<\/p>\n","protected":false},"excerpt":{"rendered":"<div class=\"mh-excerpt\"><p>Eine 74-j\u00e4hrige Anwohnerin aus der Wiesestra\u00dfe meldete sich am Freitagabend, den 5. Mai 2023, bei der Geraer Polizei, so dass diese in der Folge die Ermittlungen gegen einen bislang unbekannten Mann einleitete. Laut Auskunft der <a class=\"mh-excerpt-more\" href=\"https:\/\/www.studiogera.de\/001\/2023\/05\/09\/unheimlicher-vorfall-in-der-wiesestrasse\/\" title=\"UNHEIMLICHER VORFALL IN DER WIESESTRASSE\">[&#8230;]<\/a><\/p>\n<\/div>","protected":false},"author":2,"featured_media":9352,"comment_status":"open","ping_status":"open","sticky":false,"template":"","format":"standard","meta":{"footnotes":""},"categories":[13],"tags":[],"class_list":{"0":"post-24642","1":"post","2":"type-post","3":"status-publish","4":"format-standard","5":"has-post-thumbnail","7":"category-polizeiberichte"},"_links":{"self":[{"href":"https:\/\/www.studiogera.de\/001\/wp-json\/wp\/v2\/posts\/24642","targetHints":{"allow":["GET"]}}],"collection":[{"href":"https:\/\/www.studiogera.de\/001\/wp-json\/wp\/v2\/posts"}],"about":[{"href":"https:\/\/www.studiogera.de\/001\/wp-json\/wp\/v2\/types\/post"}],"author":[{"embeddable":true,"href":"https:\/\/www.studiogera.de\/001\/wp-json\/wp\/v2\/users\/2"}],"replies":[{"embeddable":true,"href":"https:\/\/www.studiogera.de\/001\/wp-json\/wp\/v2\/comments?post=24642"}],"version-history":[{"count":1,"href":"https:\/\/www.studiogera.de\/001\/wp-json\/wp\/v2\/posts\/24642\/revisions"}],"predecessor-version":[{"id":24643,"href":"https:\/\/www.studiogera.de\/001\/wp-json\/wp\/v2\/posts\/24642\/revisions\/24643"}],"wp:featuredmedia":[{"embeddable":true,"href":"https:\/\/www.studiogera.de\/001\/wp-json\/wp\/v2\/media\/9352"}],"wp:attachment":[{"href":"https:\/\/www.studiogera.de\/001\/wp-json\/wp\/v2\/media?parent=24642"}],"wp:term":[{"taxonomy":"category","embeddable":true,"href":"https:\/\/www.studiogera.de\/001\/wp-json\/wp\/v2\/categories?post=24642"},{"taxonomy":"post_tag","embeddable":true,"href":"https:\/\/www.studiogera.de\/001\/wp-json\/wp\/v2\/tags?post=24642"}],"curies":[{"name":"wp","href":"https:\/\/api.w.org\/{rel}","templated":true}]}}