{"id":24644,"date":"2023-05-09T02:17:02","date_gmt":"2023-05-09T00:17:02","guid":{"rendered":"http:\/\/www.studiogera.de\/001\/?p=24644"},"modified":"2023-05-09T02:17:04","modified_gmt":"2023-05-09T00:17:04","slug":"fahrraeder-vom-wohnwagen-gestohlen","status":"publish","type":"post","link":"https:\/\/www.studiogera.de\/001\/2023\/05\/09\/fahrraeder-vom-wohnwagen-gestohlen\/","title":{"rendered":"FAHRR\u00c4DER VOM WOHNWAGEN GESTOHLEN"},"content":{"rendered":"\n<p>Den Diebstahl ihrer beiden E-Fahrr\u00e4der meldete am Sonntagmorgen, den 7. Mai, 8 Uhr, die Eigent\u00fcmerin der Geraer Polizei. Wie sich herausstellte, verschafften sich die Fahrraddiebe zwischen Samstagabend und Sonntagmorgen, den 7. Mai, unberechtigt Zugang zum Grundst\u00fcck der Gesch\u00e4digten in Caaschwitz in der Stra\u00dfe Vorstadt und begaben sich zum unter dem Carport abgestellten Wohnwagen. Anschlie\u00dfend stahlen sie die beiden auf dem Fahrradtr\u00e4ger des Wohnwagens befestigten R\u00e4der und entkamen unerkannt. Die Geraer Polizei ermittelt nun zum Fall und sucht nach Zeugen, die Hinweise zu den Dieben bzw. dem Verbleib der beiden dunkelblauen E-Fahrr\u00e4der der Marke Cube geben k\u00f6nnen. Die Rufnummer lautet 0365 8290.<\/p>\n","protected":false},"excerpt":{"rendered":"<div class=\"mh-excerpt\"><p>Den Diebstahl ihrer beiden E-Fahrr\u00e4der meldete am Sonntagmorgen, den 7. Mai, 8 Uhr, die Eigent\u00fcmerin der Geraer Polizei. Wie sich herausstellte, verschafften sich die Fahrraddiebe zwischen Samstagabend und Sonntagmorgen, den 7. Mai, unberechtigt Zugang zum <a class=\"mh-excerpt-more\" href=\"https:\/\/www.studiogera.de\/001\/2023\/05\/09\/fahrraeder-vom-wohnwagen-gestohlen\/\" title=\"FAHRR\u00c4DER VOM WOHNWAGEN GESTOHLEN\">[&#8230;]<\/a><\/p>\n<\/div>","protected":false},"author":2,"featured_media":9350,"comment_status":"open","ping_status":"open","sticky":false,"template":"","format":"standard","meta":{"footnotes":""},"categories":[13],"tags":[],"class_list":{"0":"post-24644","1":"post","2":"type-post","3":"status-publish","4":"format-standard","5":"has-post-thumbnail","7":"category-polizeiberichte"},"_links":{"self":[{"href":"https:\/\/www.studiogera.de\/001\/wp-json\/wp\/v2\/posts\/24644","targetHints":{"allow":["GET"]}}],"collection":[{"href":"https:\/\/www.studiogera.de\/001\/wp-json\/wp\/v2\/posts"}],"about":[{"href":"https:\/\/www.studiogera.de\/001\/wp-json\/wp\/v2\/types\/post"}],"author":[{"embeddable":true,"href":"https:\/\/www.studiogera.de\/001\/wp-json\/wp\/v2\/users\/2"}],"replies":[{"embeddable":true,"href":"https:\/\/www.studiogera.de\/001\/wp-json\/wp\/v2\/comments?post=24644"}],"version-history":[{"count":1,"href":"https:\/\/www.studiogera.de\/001\/wp-json\/wp\/v2\/posts\/24644\/revisions"}],"predecessor-version":[{"id":24645,"href":"https:\/\/www.studiogera.de\/001\/wp-json\/wp\/v2\/posts\/24644\/revisions\/24645"}],"wp:featuredmedia":[{"embeddable":true,"href":"https:\/\/www.studiogera.de\/001\/wp-json\/wp\/v2\/media\/9350"}],"wp:attachment":[{"href":"https:\/\/www.studiogera.de\/001\/wp-json\/wp\/v2\/media?parent=24644"}],"wp:term":[{"taxonomy":"category","embeddable":true,"href":"https:\/\/www.studiogera.de\/001\/wp-json\/wp\/v2\/categories?post=24644"},{"taxonomy":"post_tag","embeddable":true,"href":"https:\/\/www.studiogera.de\/001\/wp-json\/wp\/v2\/tags?post=24644"}],"curies":[{"name":"wp","href":"https:\/\/api.w.org\/{rel}","templated":true}]}}