{"id":24646,"date":"2023-05-09T02:19:16","date_gmt":"2023-05-09T00:19:16","guid":{"rendered":"http:\/\/www.studiogera.de\/001\/?p=24646"},"modified":"2023-05-09T02:19:17","modified_gmt":"2023-05-09T00:19:17","slug":"polizeieinsatz-in-cretzschwitz","status":"publish","type":"post","link":"https:\/\/www.studiogera.de\/001\/2023\/05\/09\/polizeieinsatz-in-cretzschwitz\/","title":{"rendered":"POLIZEIEINSATZ IN CRETZSCHWITZ"},"content":{"rendered":"\n<p>Weil sich drei Jugendliche unberechtigt auf einem Baugrundst\u00fcck in Cretzschwitz, und insbesondere auf dem Ger\u00fcst des dortigen Neubaus aufhielten, informierten Zeugen am Samstagabend, den 6. Mai 2023, die Polizei. Vor Ort stellte sich schlie\u00dflich heraus, dass auch der 54-j\u00e4hrige Eigent\u00fcmer des Grundst\u00fcckes auf die drei Jungen im Alter von 17 Jahren aufmerksam wurde und sich vor Ort begab. In der Folge entfachte ein Streit unter allen Beteiligten, wobei der Grundst\u00fccksbesitzer einen der Jugendlichen mit einem Gehstock leicht verletzte. Sowohl gegen die Jugendlichen, als auch gegen den Grundst\u00fccksbesitzer wurde nun Anzeige erstattet.<\/p>\n","protected":false},"excerpt":{"rendered":"<div class=\"mh-excerpt\"><p>Weil sich drei Jugendliche unberechtigt auf einem Baugrundst\u00fcck in Cretzschwitz, und insbesondere auf dem Ger\u00fcst des dortigen Neubaus aufhielten, informierten Zeugen am Samstagabend, den 6. Mai 2023, die Polizei. Vor Ort stellte sich schlie\u00dflich heraus, <a class=\"mh-excerpt-more\" href=\"https:\/\/www.studiogera.de\/001\/2023\/05\/09\/polizeieinsatz-in-cretzschwitz\/\" title=\"POLIZEIEINSATZ IN CRETZSCHWITZ\">[&#8230;]<\/a><\/p>\n<\/div>","protected":false},"author":2,"featured_media":9357,"comment_status":"open","ping_status":"open","sticky":false,"template":"","format":"standard","meta":{"footnotes":""},"categories":[13],"tags":[],"class_list":{"0":"post-24646","1":"post","2":"type-post","3":"status-publish","4":"format-standard","5":"has-post-thumbnail","7":"category-polizeiberichte"},"_links":{"self":[{"href":"https:\/\/www.studiogera.de\/001\/wp-json\/wp\/v2\/posts\/24646","targetHints":{"allow":["GET"]}}],"collection":[{"href":"https:\/\/www.studiogera.de\/001\/wp-json\/wp\/v2\/posts"}],"about":[{"href":"https:\/\/www.studiogera.de\/001\/wp-json\/wp\/v2\/types\/post"}],"author":[{"embeddable":true,"href":"https:\/\/www.studiogera.de\/001\/wp-json\/wp\/v2\/users\/2"}],"replies":[{"embeddable":true,"href":"https:\/\/www.studiogera.de\/001\/wp-json\/wp\/v2\/comments?post=24646"}],"version-history":[{"count":1,"href":"https:\/\/www.studiogera.de\/001\/wp-json\/wp\/v2\/posts\/24646\/revisions"}],"predecessor-version":[{"id":24647,"href":"https:\/\/www.studiogera.de\/001\/wp-json\/wp\/v2\/posts\/24646\/revisions\/24647"}],"wp:featuredmedia":[{"embeddable":true,"href":"https:\/\/www.studiogera.de\/001\/wp-json\/wp\/v2\/media\/9357"}],"wp:attachment":[{"href":"https:\/\/www.studiogera.de\/001\/wp-json\/wp\/v2\/media?parent=24646"}],"wp:term":[{"taxonomy":"category","embeddable":true,"href":"https:\/\/www.studiogera.de\/001\/wp-json\/wp\/v2\/categories?post=24646"},{"taxonomy":"post_tag","embeddable":true,"href":"https:\/\/www.studiogera.de\/001\/wp-json\/wp\/v2\/tags?post=24646"}],"curies":[{"name":"wp","href":"https:\/\/api.w.org\/{rel}","templated":true}]}}