{"id":24648,"date":"2023-05-09T18:16:46","date_gmt":"2023-05-09T16:16:46","guid":{"rendered":"http:\/\/www.studiogera.de\/001\/?p=24648"},"modified":"2023-05-09T18:16:47","modified_gmt":"2023-05-09T16:16:47","slug":"gruener-filz-deutlich-groesser-als-bislang-angenommen","status":"publish","type":"post","link":"https:\/\/www.studiogera.de\/001\/2023\/05\/09\/gruener-filz-deutlich-groesser-als-bislang-angenommen\/","title":{"rendered":"GR\u00dcNER FILZ DEUTLICH GR\u00d6SSER ALS BISLANG ANGENOMMEN"},"content":{"rendered":"\n<p>D<em>er Bundesminister f\u00fcr Wirtschaft und Klimaschutz hat wichtige Posten mit gleichgesinnten Bekannten und deren Verwandten besetzt bzw. besetzen lassen. Sie sollen das Gro\u00dfprojekt, den vollst\u00e4ndigen Umbau der Wirtschaft und Industriegesellschaft, voranbringen.<\/em><\/p>\n\n\n\n<p>Nach den Berichten \u00fcber ein Beziehungsgeflecht im Bereich des Bundesministeriums f\u00fcr Wirtschaft und Klimaschutz forderten CDU und CSU Robert Habeck zur Entlassung des Staatssekret\u00e4rs Patrick Graichen auf. Doch dieser nimmt Graichen in Schutz. Am 19. Dezember 2021 hatte zun\u00e4chst die TAZ auf die Beziehungen hingewiesen. Der Artikel fand jedoch kaum Beachtung. Sp\u00e4ter, am 18. Januar 2022, wurden die Verh\u00e4ltnisse im Magazin \u201eTichys Einblick\u201c in einem Beitrag mit der \u00dcberschrift \u201eDie Ampel l\u00e4dt zum B\u00fcffet\u201c thematisiert. Dieser hatte eine wesentlich st\u00e4rkere Wirkung. Das Magazin \u201eDer Spiegel\u201c brachte am 21. April 2023 eine Kolumne mit dem Titel \u201eFilz im Gr\u00fcnen-Ministerium \u2014 Habecks Kl\u00fcngelwirtschaft\u201c.<\/p>\n\n\n\n<p>Auf Verlangen der AFD-Bundestagsfraktion wurde am 26. April 2023 in einer Aktuellen Stunde im Parlament \u00fcber die \u201eUmstrittene Personalpolitik im Bundesministerium f\u00fcr Wirtschaft und Klimaschutz\u201c debattiert. Markus H\u00fcmpfer von der SPD warf der AFD Populismus vor. Die AFD habe das Thema aufgrund eines Meinungsbeitrages im Spiegel \u201ev\u00f6llig grundlos auf die Tagesordnung\u201c gesetzt. Dr. Till Steffen von B\u00fcndnis &#8217;90\/Die Gr\u00fcnen warf der AFD vor, eine Kampagne gegen Habecks Klimaschutz-Politik am Laufen zu halten. Reinhard Houben von der FDP bezeichnete die Debatte als einen erneuten Versuch der AFD-Fraktion, einen Keil zwischen die Politik und die Menschen zu treiben.<\/p>\n\n\n\n<p><a href=\"https:\/\/www.bundestag.de\/dokumente\/textarchiv\/2023\/kw17-de-aktuelle-stunde-personalpolitik-944844\">https:\/\/www.bundestag.de\/dokumente\/textarchiv\/2023\/kw17-de-aktuelle-stunde-personalpolitik-944844<\/a><\/p>\n\n\n\n<p>Beatrix von Storch, AFD, sprach von Vetternwirtschaft der Klimalobby sowie Finanzinvestoren und Milliard\u00e4ren, welche die Vettern im Hause Habeck lenken. Dabei nannte die den britischen Milliard\u00e4r Christopher Hohn als Mitglied in dem von Bill Gates gegr\u00fcndeten Milliard\u00e4rsclub \u201eThe Giving Pledge\u201c und beschrieb einen Geldfluss, ausgehend von seinem Hedgefonds bis hin zur Denkfabrik \u201eAgora Energiewende\u201c. Das Heizgesetz von Habeck und dem Graichen-Clan f\u00fchre dazu, dass Eigenheimbesitzer teure Hypotheken aufnehmen m\u00fcssten, um die teure W\u00e4rmepumpe zu bezahlen. K\u00f6nnten sie dies nicht, m\u00fcssten sie ihre Immobilie verkaufen. Dann stehe der Hedgefonds von Hohn bereit und kaufe die Immobilien auf. Die Gr\u00fcnen beschrieb sie als den politischen Arm der globalen Finanzinteressen. Der Graichen-Clan sei die Hand, welche die erforderlichen Gesetze hierzu schreibe. Die Klimapolitik der Gr\u00fcnen mache globale Supperreiche noch viel reicher, w\u00e4hrend der normale deutsche Steuerzahler sprichw\u00f6rtlich das Dach \u00fcber seinen Kopf verliere.<\/p>\n\n\n\n<p>Nach Meinung des Magazins \u201eFocus\u201c haben die Gr\u00fcnen kein Interesse daran, den eigentlichen Sachverhalt aufzukl\u00e4ren, weil offenbar w\u00fcrde, dass alle wesentlichen Positionen in und au\u00dferhalb der Bundesregierung bei der Klimapolitik mit Gr\u00fcnen besetzt sind. Die Gr\u00fcnen h\u00e4tten jahrzehntelang daran gearbeitet und ihr Ziel, dass bei der Energiewende niemand anderes mitreden d\u00fcrfe, fast erreicht, und damit das Klimaprojekt monopolisiert.<\/p>\n\n\n\n<p>Auch die Beziehungen zu Hal Harvey, einem wichtigen Geldgeber der \u201eAgora Energiewende\u201c, wurden in mehreren Zeitungen behandelt. Nach Angaben der Zeitung \u201eBild\u201c spendeten Harveys Organisationen \u201eEuropean Climate Foundation\u201c und \u201eClimate Imperative Foundation\u201c der \u201eAgora Energiewende\u201c im Jahr 2022 insgesamt 7,5 Millionen Euro.<\/p>\n\n\n\n<p>Im Fokus stehen derzeit vor allem folgende Personen:<\/p>\n\n\n\n<p><strong>Hal Harvey<\/strong><\/p>\n\n\n\n<ul class=\"wp-block-list\">\n<li>US-Investor, Pr\u00e4sident der \u201eClimate Imperative Foundation\u201c, Gr\u00fcnder der \u201eClimate Works Foundation\u201c, F\u00f6rderer und Geldgeber von Denkfabriken und Lobbyorganisationen wie \u201eAgora Energiewende\u201c, Mitinitiator und Geldgeber der \u201eStiftung Klimaneutralit\u00e4t\u201c und stellvertretender Vorsitzender im Beirat der \u201eStiftung Klimaneutralit\u00e4t\u201c<\/li>\n<\/ul>\n\n\n\n<p>Im Jahre 2012 gr\u00fcndete Harvey die Denkfabrik \u201eEnergy Innovation\u201c, dessen Gesch\u00e4ftsf\u00fchrer er ebenfalls ist. Sie hat ihren Sitz in San Francisco und ist spezialisiert auf Energie- und Umweltpolitik. Seit der Gr\u00fcndung in 2012 stellt \u201eEnergy Innovation\u201c nach eigenen Angaben politischen Entscheidungstr\u00e4gern auf der ganzen Welt qualitativ hochwertige Forschung und Analysen zur Verf\u00fcgung, um sie bei ihren energiepolitischen Entscheidungen zu unterst\u00fctzen.<\/p>\n\n\n\n<p><strong>Robert Habeck<\/strong><\/p>\n\n\n\n<ul class=\"wp-block-list\">\n<li>Bundesminister f\u00fcr Wirtschaft und Klimaschutz, B\u00fcndnis &#8217;90\/Die Gr\u00fcnen<\/li>\n\n\n\n<li>ernannte Patrick Graichen zum Staatssekret\u00e4r<\/li>\n\n\n\n<li>erhielt von seinen Vertrauten im Umfeld zweckdienliche Studien zur W\u00e4rmewende<\/li>\n\n\n\n<li>Studie von Patrick Graichen wird zur Rechtfertigung des GEG-Gesetzesentwurfs verwendet<\/li>\n<\/ul>\n\n\n\n<p><strong>Patrick Graichen<\/strong><\/p>\n\n\n\n<ul class=\"wp-block-list\">\n<li>vormals Leiter der \u201eAgora Energiewende\u201c (Denkfabrik und Lobbyorganisation f\u00fcr den vollst\u00e4ndigen Umbau der Wirtschaft und Industriegesellschaft)<\/li>\n\n\n\n<li>gab die von Robert Habeck angeforderte Studie zu W\u00e4rmepumpen in Auftrag, die f\u00fcr den GEG-Entwurf verwendet wird<\/li>\n\n\n\n<li>seit 2021 Beamteter Staatssekret\u00e4r im Bundesministerium f\u00fcr Wirtschaft und Klimaschutz; dort eingesetzt von Robert Habeck<\/li>\n\n\n\n<li>Mitglied einer Findungskommission, die Michael Sch\u00e4fer f\u00fcr den Posten als Gesch\u00e4ftsf\u00fchrer der Deutschen Energieagentur vorschlug<\/li>\n<\/ul>\n\n\n\n<p><strong>Michael Kellner<\/strong><\/p>\n\n\n\n<ul class=\"wp-block-list\">\n<li>Ehemann von Verena Graichen<\/li>\n\n\n\n<li>parlamentarischer Staatssekret\u00e4r im Bundesministerium f\u00fcr Wirtschaft und Klimaschutz, berufen von Robert Habeck unmittelbar vor der Ernennung Patrick Graichens zum Staatssekret\u00e4r<\/li>\n\n\n\n<li>ehemaliger Bundesgesch\u00e4ftsf\u00fchrer von B\u00fcndnis &#8217;90\/Die Gr\u00fcnen<\/li>\n<\/ul>\n\n\n\n<p><strong>Jakob Graichen<\/strong><\/p>\n\n\n\n<ul class=\"wp-block-list\">\n<li>Senior Researcher bei \u00d6ko-Institut e. V.<\/li>\n<\/ul>\n\n\n\n<p><strong>Verena Graichen<\/strong><\/p>\n\n\n\n<ul class=\"wp-block-list\">\n<li>Schwester von Patrick Graichen, Ehefrau von Michael Kellner<\/li>\n\n\n\n<li>Senior Researcher bei \u00d6ko-Institut e. V.; Partner der \u201eAgora Energiewende\u201c<\/li>\n\n\n\n<li>Vizevorsitzende beim Umweltverband BUND<\/li>\n\n\n\n<li>Verantwortlich f\u00fcr das vom Bundesministerium f\u00fcr Wirtschaft und Klimaschutz in Auftrag gegebene Gutachten \u201eGeb\u00e4udestrategie Klimaneutralit\u00e4t 2045\u201c<\/li>\n\n\n\n<li>Mitglied im Nationalen Wasserstoffrat (ber\u00e4t den Staatssekret\u00e4rsausschuss f\u00fcr Wasserstoff bei der Weiterentwicklung und Umsetzung der Nationalen Wasserstoffstrategie)<\/li>\n<\/ul>\n\n\n\n<p><strong>Christian Maa\u00df<\/strong><\/p>\n\n\n\n<ul class=\"wp-block-list\">\n<li>fr\u00fcherer Berater von Patrick Graichen<\/li>\n\n\n\n<li>seit 2022 zust\u00e4ndig f\u00fcr den Bereich \u201eEnergie: W\u00e4rme und Effizienz\u201c als Referatsleiter der Abteilung II im Bundesministerium f\u00fcr Wirtschaft und Klimaschutz, unter dem unmittelbaren Vorgesetzten Patrick Graichen<\/li>\n\n\n\n<li>vorgeschlagen von Robert Habeck<\/li>\n<\/ul>\n\n\n\n<p><strong>Michael Sch\u00e4fer<\/strong><\/p>\n\n\n\n<ul class=\"wp-block-list\">\n<li>designierter Gesch\u00e4ftsf\u00fchrer der Deutschen Energieagentur<\/li>\n\n\n\n<li>Trauzeuge von Patrick Graichen<\/li>\n\n\n\n<li>zuvor t\u00e4tig bei \u201eAgora Energiewende\u201c<\/li>\n<\/ul>\n\n\n\n<p>Um Robert Habeck zu sch\u00fctzen, hat sich Michael Sch\u00e4fer von seinem im April 2023 geschlossenen Vertrag als Gesch\u00e4ftsf\u00fchrer der Deutschen Energieagentur (Dena) zur\u00fcckgezogen, berichtete die Zeitung \u201eBild\u201c am 9. Mai 2023. Die Dena ist ein \u00f6ffentliches Unternehmen im Bundeseigentum. Sch\u00e4fer ist Verwaltungswissenschaftler und Energiefachmann. Er war der Trauzeuge bei der Hochzeit von Patrick Graichen.<\/p>\n\n\n\n<p>Die Zeitung \u201eThe Pioneer\u201c berichtete \u00fcber interne Nachrichten vom November 2022, aus denen hervorgehen soll, dass sich Patrick Graichen 60 Mitarbeiter der Dena ohne normales Vergabeverfahren f\u00fcr einen Zeitraum von mindestens 24 Monate ausleihen wollte. Sie sollten die Abteilungen Klimaschutz, W\u00e4rme und Strom des Ministeriums f\u00fcr Wirtschaft und Klimaschutz unterst\u00fctzen und an \u201einternen Prozessen und Dokumenten des BMWK\u201c mitwirken, sowie an \u201einternen und externen Besprechungen\u201c des BMWK teilnehmen. Eine entsprechende Vereinbarung kam aber nach dem allgemeinen Bekanntwerden der Graichen-Verflechtungen nicht mehr zustande.<\/p>\n","protected":false},"excerpt":{"rendered":"<div class=\"mh-excerpt\"><p>Der Bundesminister f\u00fcr Wirtschaft und Klimaschutz hat wichtige Posten mit gleichgesinnten Bekannten und deren Verwandten besetzt bzw. besetzen lassen. Sie sollen das Gro\u00dfprojekt, den vollst\u00e4ndigen Umbau der Wirtschaft und Industriegesellschaft, voranbringen. Nach den Berichten \u00fcber <a class=\"mh-excerpt-more\" href=\"https:\/\/www.studiogera.de\/001\/2023\/05\/09\/gruener-filz-deutlich-groesser-als-bislang-angenommen\/\" title=\"GR\u00dcNER FILZ DEUTLICH GR\u00d6SSER ALS BISLANG ANGENOMMEN\">[&#8230;]<\/a><\/p>\n<\/div>","protected":false},"author":2,"featured_media":24649,"comment_status":"open","ping_status":"open","sticky":false,"template":"","format":"standard","meta":{"footnotes":""},"categories":[2],"tags":[],"class_list":{"0":"post-24648","1":"post","2":"type-post","3":"status-publish","4":"format-standard","5":"has-post-thumbnail","7":"category-weltweit"},"_links":{"self":[{"href":"https:\/\/www.studiogera.de\/001\/wp-json\/wp\/v2\/posts\/24648","targetHints":{"allow":["GET"]}}],"collection":[{"href":"https:\/\/www.studiogera.de\/001\/wp-json\/wp\/v2\/posts"}],"about":[{"href":"https:\/\/www.studiogera.de\/001\/wp-json\/wp\/v2\/types\/post"}],"author":[{"embeddable":true,"href":"https:\/\/www.studiogera.de\/001\/wp-json\/wp\/v2\/users\/2"}],"replies":[{"embeddable":true,"href":"https:\/\/www.studiogera.de\/001\/wp-json\/wp\/v2\/comments?post=24648"}],"version-history":[{"count":2,"href":"https:\/\/www.studiogera.de\/001\/wp-json\/wp\/v2\/posts\/24648\/revisions"}],"predecessor-version":[{"id":24651,"href":"https:\/\/www.studiogera.de\/001\/wp-json\/wp\/v2\/posts\/24648\/revisions\/24651"}],"wp:featuredmedia":[{"embeddable":true,"href":"https:\/\/www.studiogera.de\/001\/wp-json\/wp\/v2\/media\/24649"}],"wp:attachment":[{"href":"https:\/\/www.studiogera.de\/001\/wp-json\/wp\/v2\/media?parent=24648"}],"wp:term":[{"taxonomy":"category","embeddable":true,"href":"https:\/\/www.studiogera.de\/001\/wp-json\/wp\/v2\/categories?post=24648"},{"taxonomy":"post_tag","embeddable":true,"href":"https:\/\/www.studiogera.de\/001\/wp-json\/wp\/v2\/tags?post=24648"}],"curies":[{"name":"wp","href":"https:\/\/api.w.org\/{rel}","templated":true}]}}