{"id":24652,"date":"2023-05-10T06:50:20","date_gmt":"2023-05-10T04:50:20","guid":{"rendered":"http:\/\/www.studiogera.de\/001\/?p=24652"},"modified":"2023-05-10T06:50:22","modified_gmt":"2023-05-10T04:50:22","slug":"erster-kammermusik-wettbewerb-an-der-musikschule","status":"publish","type":"post","link":"https:\/\/www.studiogera.de\/001\/2023\/05\/10\/erster-kammermusik-wettbewerb-an-der-musikschule\/","title":{"rendered":"ERSTER KAMMERMUSIK-WETTBEWERB AN DER MUSIKSCHULE"},"content":{"rendered":"\n<p>Am Samstag, den 13. Mai 2023, wird an der Musikschule \u201eHeinrich Sch\u00fctz\u201c am Biermannplatz 1 erstmalig ein Kammermusikwettbewerb ausgetragen. Der Wettbewerb findet von 10 Uhr bis 11.30 Uhr (Altersgruppen 1 und 2) und 13.30 Uhr bis 15.30 Uhr Uhr (Altersgruppe 3) statt. Die urspr\u00fcnglich f\u00fcr 2020 vorgesehene Premiere des Wettbewerbs kann nun endlich kammermusikbegeisterten Sch\u00fclerinnen und Sch\u00fclern der Musikschule \u201eHeinrich Sch\u00fctz\u201c und der Spezialklassen f\u00fcr Musik des Rutheneums ein Podium bieten. Kammermusikensembles verschiedenster Besetzungen werden ihr K\u00f6nnen zu Geh\u00f6r bringen.<\/p>\n\n\n\n<p>Das Preistr\u00e4gerkonzert findet am Montag, den 15. Mai 2023, 18.30 Uhr im Rathaussaal statt. Sowohl zum Wettbewerb als auch zum Preistr\u00e4gerkonzert sind interessierte Zuh\u00f6rerinnen und Zuh\u00f6rer bei kostenlosem Eintritt herzlich eingeladen.<\/p>\n\n\n\n<p>Der Wettbewerb wird unterst\u00fctzt und finanziert durch den F\u00f6rderverein der Musikschule \u201eHeinrich Sch\u00fctz\u201c Gera e. V. und aus Mitteln des Kulturlastenausgleichs.<\/p>\n\n\n\n<p>QUELLE: STADTVERWALTUNG<\/p>\n","protected":false},"excerpt":{"rendered":"<div class=\"mh-excerpt\"><p>Am Samstag, den 13. Mai 2023, wird an der Musikschule \u201eHeinrich Sch\u00fctz\u201c am Biermannplatz 1 erstmalig ein Kammermusikwettbewerb ausgetragen. Der Wettbewerb findet von 10 Uhr bis 11.30 Uhr (Altersgruppen 1 und 2) und 13.30 Uhr <a class=\"mh-excerpt-more\" href=\"https:\/\/www.studiogera.de\/001\/2023\/05\/10\/erster-kammermusik-wettbewerb-an-der-musikschule\/\" title=\"ERSTER KAMMERMUSIK-WETTBEWERB AN DER MUSIKSCHULE\">[&#8230;]<\/a><\/p>\n<\/div>","protected":false},"author":2,"featured_media":24653,"comment_status":"open","ping_status":"open","sticky":false,"template":"","format":"standard","meta":{"footnotes":""},"categories":[8],"tags":[],"class_list":{"0":"post-24652","1":"post","2":"type-post","3":"status-publish","4":"format-standard","5":"has-post-thumbnail","7":"category-kultur"},"_links":{"self":[{"href":"https:\/\/www.studiogera.de\/001\/wp-json\/wp\/v2\/posts\/24652","targetHints":{"allow":["GET"]}}],"collection":[{"href":"https:\/\/www.studiogera.de\/001\/wp-json\/wp\/v2\/posts"}],"about":[{"href":"https:\/\/www.studiogera.de\/001\/wp-json\/wp\/v2\/types\/post"}],"author":[{"embeddable":true,"href":"https:\/\/www.studiogera.de\/001\/wp-json\/wp\/v2\/users\/2"}],"replies":[{"embeddable":true,"href":"https:\/\/www.studiogera.de\/001\/wp-json\/wp\/v2\/comments?post=24652"}],"version-history":[{"count":1,"href":"https:\/\/www.studiogera.de\/001\/wp-json\/wp\/v2\/posts\/24652\/revisions"}],"predecessor-version":[{"id":24654,"href":"https:\/\/www.studiogera.de\/001\/wp-json\/wp\/v2\/posts\/24652\/revisions\/24654"}],"wp:featuredmedia":[{"embeddable":true,"href":"https:\/\/www.studiogera.de\/001\/wp-json\/wp\/v2\/media\/24653"}],"wp:attachment":[{"href":"https:\/\/www.studiogera.de\/001\/wp-json\/wp\/v2\/media?parent=24652"}],"wp:term":[{"taxonomy":"category","embeddable":true,"href":"https:\/\/www.studiogera.de\/001\/wp-json\/wp\/v2\/categories?post=24652"},{"taxonomy":"post_tag","embeddable":true,"href":"https:\/\/www.studiogera.de\/001\/wp-json\/wp\/v2\/tags?post=24652"}],"curies":[{"name":"wp","href":"https:\/\/api.w.org\/{rel}","templated":true}]}}