{"id":24713,"date":"2023-05-13T12:57:31","date_gmt":"2023-05-13T10:57:31","guid":{"rendered":"http:\/\/www.studiogera.de\/001\/?p=24713"},"modified":"2023-05-13T13:25:22","modified_gmt":"2023-05-13T11:25:22","slug":"tag-der-staedtebaufoerderung-am-13-mai-2023","status":"publish","type":"post","link":"https:\/\/www.studiogera.de\/001\/2023\/05\/13\/tag-der-staedtebaufoerderung-am-13-mai-2023\/","title":{"rendered":"TAG DER ST\u00c4DTEBAUF\u00d6RDERUNG AM 13. MAI 2023"},"content":{"rendered":"\n<p>Am 13. Mai 2023 ist es wieder soweit: In ganz Deutschland feiern St\u00e4dte und Gemeinden unter dem Motto \u201eWir im Quartier\u201c den Tag der St\u00e4dtebauf\u00f6rderung und zeigen, wie mit Mitteln der St\u00e4dtebauf\u00f6rderung gemeinsam Stadt gestaltet wird. Die Stadt Gera l\u00e4dt alle Interessierten an diesem Tag dazu ein, sich selbst anzusehen, welche Projekte aktuell in der Kommune vorangetrieben werden. Eine wichtige Station ist dabei der Marktplatz: Dort wurde um 10 Uhr das neue Innenstadtb\u00fcro er\u00f6ffnet, welches im Zuge des F\u00f6rderprogramms \u201eZukunftsf\u00e4hige Innenst\u00e4dte und Zentren\u201c etabliert wird. Das B\u00fcro soll dabei k\u00fcnftig die zentrale Anlaufstelle f\u00fcr alle Fragen zum geplanten Innenstadtkonzept sowie Wirkungsst\u00e4tte des neuen Standentwicklungsmanagers sein, der sich am Tag der St\u00e4dtebauf\u00f6rderung auch offiziell vorstellt.<\/p>\n\n\n\n<p>Im Botanischen Garten kann seit 11 Uhr unter anderem ein B\u00fcrgerforum zum aktuellen Stand des Sanierungsgebiets Ostviertel\/s\u00fcdliche Innenstadt besucht werden. Au\u00dferdem finden F\u00fchrungen durch den Garten und das Turmhaus statt. In Lusan liegt ab 13 Uhr der Fokus auf dem geplanten Bildungscampus, dessen Bau 2024 beginnen soll. Im Bieblach wurde zum gemeinsamen Stadtteilrundgang geladen.<\/p>\n\n\n\n<p>Ein weiterer H\u00f6hepunkt ist auch der neue Audioguide \u201eSpurensuche\u201c, der bereits im vergangenen Jahr vorgestellt wurde. Der Themenweg mit insgesamt zehn Stationen beginnt am Hauptbahnhof, f\u00fchrt dann unter anderem \u00fcber die Johanniskirche, das Theater, den K\u00fcchengarten und die Orangerie bis nach Alt-Untermhaus. Den Abschluss bildet Schloss Osterstein hoch \u00fcber der Stadt.<\/p>\n\n\n\n<p>Die St\u00e4dtebauf\u00f6rderung ist f\u00fcr Gera seit der Wiedervereinigung eine wichtige Finanzierungsgrundlage der Stadterneuerung. Heute lebt jeder zweite Geraer in einem gef\u00f6rderten Gebiet. Der bundesweite Aktionstag ist dabei eine gemeinsame Initiative des Bundesministeriums f\u00fcr Wohnen, Stadtentwicklung und Bauwesen, der L\u00e4nder, des Deutschen St\u00e4dtetages und des Deutschen St\u00e4dte- und Gemeindebundes zur St\u00e4rkung der Beteiligung der B\u00fcrgerinnen und B\u00fcrger bei Vorhaben der St\u00e4dtebauf\u00f6rderung.<\/p>\n\n\n\n<p>QUELLE: STADTVERWALTUNG<\/p>\n","protected":false},"excerpt":{"rendered":"<div class=\"mh-excerpt\"><p>Am 13. Mai 2023 ist es wieder soweit: In ganz Deutschland feiern St\u00e4dte und Gemeinden unter dem Motto \u201eWir im Quartier\u201c den Tag der St\u00e4dtebauf\u00f6rderung und zeigen, wie mit Mitteln der St\u00e4dtebauf\u00f6rderung gemeinsam Stadt gestaltet <a class=\"mh-excerpt-more\" href=\"https:\/\/www.studiogera.de\/001\/2023\/05\/13\/tag-der-staedtebaufoerderung-am-13-mai-2023\/\" title=\"TAG DER ST\u00c4DTEBAUF\u00d6RDERUNG AM 13. MAI 2023\">[&#8230;]<\/a><\/p>\n<\/div>","protected":false},"author":2,"featured_media":12038,"comment_status":"open","ping_status":"open","sticky":false,"template":"","format":"standard","meta":{"footnotes":""},"categories":[8],"tags":[],"class_list":{"0":"post-24713","1":"post","2":"type-post","3":"status-publish","4":"format-standard","5":"has-post-thumbnail","7":"category-kultur"},"_links":{"self":[{"href":"https:\/\/www.studiogera.de\/001\/wp-json\/wp\/v2\/posts\/24713","targetHints":{"allow":["GET"]}}],"collection":[{"href":"https:\/\/www.studiogera.de\/001\/wp-json\/wp\/v2\/posts"}],"about":[{"href":"https:\/\/www.studiogera.de\/001\/wp-json\/wp\/v2\/types\/post"}],"author":[{"embeddable":true,"href":"https:\/\/www.studiogera.de\/001\/wp-json\/wp\/v2\/users\/2"}],"replies":[{"embeddable":true,"href":"https:\/\/www.studiogera.de\/001\/wp-json\/wp\/v2\/comments?post=24713"}],"version-history":[{"count":2,"href":"https:\/\/www.studiogera.de\/001\/wp-json\/wp\/v2\/posts\/24713\/revisions"}],"predecessor-version":[{"id":24727,"href":"https:\/\/www.studiogera.de\/001\/wp-json\/wp\/v2\/posts\/24713\/revisions\/24727"}],"wp:featuredmedia":[{"embeddable":true,"href":"https:\/\/www.studiogera.de\/001\/wp-json\/wp\/v2\/media\/12038"}],"wp:attachment":[{"href":"https:\/\/www.studiogera.de\/001\/wp-json\/wp\/v2\/media?parent=24713"}],"wp:term":[{"taxonomy":"category","embeddable":true,"href":"https:\/\/www.studiogera.de\/001\/wp-json\/wp\/v2\/categories?post=24713"},{"taxonomy":"post_tag","embeddable":true,"href":"https:\/\/www.studiogera.de\/001\/wp-json\/wp\/v2\/tags?post=24713"}],"curies":[{"name":"wp","href":"https:\/\/api.w.org\/{rel}","templated":true}]}}