{"id":24784,"date":"2023-05-16T11:37:24","date_gmt":"2023-05-16T09:37:24","guid":{"rendered":"http:\/\/www.studiogera.de\/001\/?p=24784"},"modified":"2023-05-16T11:37:26","modified_gmt":"2023-05-16T09:37:26","slug":"schuelerprojekttage-zum-thema-fake-news","status":"publish","type":"post","link":"https:\/\/www.studiogera.de\/001\/2023\/05\/16\/schuelerprojekttage-zum-thema-fake-news\/","title":{"rendered":"SCH\u00dcLERPROJEKTTAGE ZUM THEMA \u201eFAKE NEWS\u201c"},"content":{"rendered":"\n<p>Im Rahmen der Th\u00fcringer Aktionstage gegen &#8222;Fake News&#8220;, Desinformationen und Verschw\u00f6rungstheorien vom 2. bis 5. Mai 2023 fanden in der Stadt- und Regionalbibliothek Gera drei Projekte zu diesen Themen statt. Sch\u00fcler und Sch\u00fclerinnen der 5. Klassen des Rutheneums besch\u00e4ftigten sich nicht nur damit, was &#8222;Fake News&#8220; eigentlich sind, warum sie sich so schnell verbreiten und an welchen Merkmalen man sie erkennt, sondern wurden auch selbst zu Fake-News-Checkern. In einer praktischen Arbeitsphase galt es, vorgeschriebene Nachrichten auf ihren Wahrheitsgehalt mit verschiedenen Tools, wie der Bilderr\u00fcckw\u00e4rtssuche oder der Recherche nach dem Verfasser, zu \u00fcberpr\u00fcfen. Somit gingen am Ende des Projektes alle M\u00e4dchen und Jungen mit dem Wissen nach Hause, nicht alles zu glauben was sie sehen und h\u00f6ren und vor allem nicht unreflektiert weiter zu teilen. \u00dcberzogene und rei\u00dferische Nachrichten im Netz, in Zeitungen und Co. sollten stets mit Vorsicht betrachtet und kritisch hinterfragt werden.<\/p>\n\n\n\n<p>Aufgrund der enormen Relevanz dieses Themas soll der 90-min\u00fctige Mitmachkursus zuk\u00fcnftig auch weiter f\u00fcr Schulkassen angeboten werden. Bei Interesse steht Sarah Ei\u00dfmann, Medienp\u00e4dagogin in der Stadt- und Regionalbibliothek, f\u00fcr Anfragen zur Verf\u00fcgung. Sie ist erreichbar \u00fcber \u201e<a href=\"mailto:eissmann.sarah@gera.de\">eissmann.sarah@gera.de<\/a>\u201c oder telefonisch unter der Rufnummer 0365 8383365.<\/p>\n\n\n\n<p>QUELLE: STADTVERWALTUNG<\/p>\n","protected":false},"excerpt":{"rendered":"<div class=\"mh-excerpt\"><p>Im Rahmen der Th\u00fcringer Aktionstage gegen &#8222;Fake News&#8220;, Desinformationen und Verschw\u00f6rungstheorien vom 2. bis 5. Mai 2023 fanden in der Stadt- und Regionalbibliothek Gera drei Projekte zu diesen Themen statt. Sch\u00fcler und Sch\u00fclerinnen der 5. <a class=\"mh-excerpt-more\" href=\"https:\/\/www.studiogera.de\/001\/2023\/05\/16\/schuelerprojekttage-zum-thema-fake-news\/\" title=\"SCH\u00dcLERPROJEKTTAGE ZUM THEMA \u201eFAKE NEWS\u201c\">[&#8230;]<\/a><\/p>\n<\/div>","protected":false},"author":2,"featured_media":24786,"comment_status":"open","ping_status":"open","sticky":false,"template":"","format":"standard","meta":{"footnotes":""},"categories":[17],"tags":[],"class_list":{"0":"post-24784","1":"post","2":"type-post","3":"status-publish","4":"format-standard","5":"has-post-thumbnail","7":"category-medien"},"_links":{"self":[{"href":"https:\/\/www.studiogera.de\/001\/wp-json\/wp\/v2\/posts\/24784","targetHints":{"allow":["GET"]}}],"collection":[{"href":"https:\/\/www.studiogera.de\/001\/wp-json\/wp\/v2\/posts"}],"about":[{"href":"https:\/\/www.studiogera.de\/001\/wp-json\/wp\/v2\/types\/post"}],"author":[{"embeddable":true,"href":"https:\/\/www.studiogera.de\/001\/wp-json\/wp\/v2\/users\/2"}],"replies":[{"embeddable":true,"href":"https:\/\/www.studiogera.de\/001\/wp-json\/wp\/v2\/comments?post=24784"}],"version-history":[{"count":2,"href":"https:\/\/www.studiogera.de\/001\/wp-json\/wp\/v2\/posts\/24784\/revisions"}],"predecessor-version":[{"id":24787,"href":"https:\/\/www.studiogera.de\/001\/wp-json\/wp\/v2\/posts\/24784\/revisions\/24787"}],"wp:featuredmedia":[{"embeddable":true,"href":"https:\/\/www.studiogera.de\/001\/wp-json\/wp\/v2\/media\/24786"}],"wp:attachment":[{"href":"https:\/\/www.studiogera.de\/001\/wp-json\/wp\/v2\/media?parent=24784"}],"wp:term":[{"taxonomy":"category","embeddable":true,"href":"https:\/\/www.studiogera.de\/001\/wp-json\/wp\/v2\/categories?post=24784"},{"taxonomy":"post_tag","embeddable":true,"href":"https:\/\/www.studiogera.de\/001\/wp-json\/wp\/v2\/tags?post=24784"}],"curies":[{"name":"wp","href":"https:\/\/api.w.org\/{rel}","templated":true}]}}