{"id":24788,"date":"2023-05-17T08:12:04","date_gmt":"2023-05-17T06:12:04","guid":{"rendered":"http:\/\/www.studiogera.de\/001\/?p=24788"},"modified":"2023-05-17T08:12:05","modified_gmt":"2023-05-17T06:12:05","slug":"zeppelinfluege-ueber-gera-vortrag-in-lusan","status":"publish","type":"post","link":"https:\/\/www.studiogera.de\/001\/2023\/05\/17\/zeppelinfluege-ueber-gera-vortrag-in-lusan\/","title":{"rendered":"ZEPPELINFL\u00dcGE \u00dcBER GERA \u2014 VORTRAG IN LUSAN"},"content":{"rendered":"\n<p><em>Heimatforscher Dieter Bauke ist am Mittwoch, den 24. Mai 2023, um 15 Uhr zu Gast in der Lusaner Bibliothek. Der Eintritt zur Veranstaltung ist frei.<\/em><\/p>\n\n\n\n<p>In seinem unterhaltsamen Vortrag erl\u00e4utert er viele interessante Details zur Geschichte des Zeppelins, vor allem in Bezug auf Gera. &#8222;Was leichter als Luft ist, f\u00e4hrt. Was schwerer als Luft ist, fliegt\u201c, lautet ein Grundsatz des Fliegens. Deshalb werden Ballone durch die L\u00fcfte gefahren und Flugzeuge geflogen. Der technologische Kampf um die &#8222;Beherrschung der L\u00fcfte&#8220; schien vor 100 Jahren noch nicht entschieden. Verschiedene Vor- und Nachteile der unterschiedlichen Flugger\u00e4te wurden abgewogen. Ballone konnten &#8222;auf der Stelle&#8220; fahren, waren aber nicht steuerbar im Flug. Bei den Bem\u00fchungen, den Ballon lenkbar zu machen und ihn zu motorisieren, entstand das Luftschiff. Zeppeline waren Luftschiffe, die nach ihrem Erfinder benannt wurden.\u00a0Die LZ 5, erbaut in Mai 1909 mit einer &#8222;Nationalspende&#8220;-Sammlung, fuhr bis April 1910 durch die L\u00fcfte, und zwar dann als Z II des Milit\u00e4rs. Eine Langstreckenfahrt, bei der am 30. Mai 1909 zum ersten Mal auch Gera \u00fcberfahren wurde, ging als die ber\u00fchmte &#8222;Birnbaumfahrt&#8220; in die Zeppelin-Geschichte ein. Die Euphorie in Gera f\u00fcr das Verkehrswesen war so gro\u00df, dass auch Karten mit &#8222;Zukunftsvisionen&#8220; gedruckt wurden. Selbst die Fachzeitschrift &#8222;Zeppelin-Kurier&#8220; erschien in Untermhaus. Urspr\u00fcnglich hatte Dieter Bauke seine Forschungen in Bezug auf die Luftschifffahrt \u00fcber Gera f\u00fcr seine Mitstreiter in der Fachgruppe Heimatgeschichte im Kulturbund Gera aufgearbeitet. In der Bibliothek am Puschkinplatz begeisterte der 90-min\u00fctige Bildvortrag bereits im Februar 76 Interessierte.<\/p>\n\n\n\n<p>QUELLE: STADTVERWALTUNG<\/p>\n","protected":false},"excerpt":{"rendered":"<div class=\"mh-excerpt\"><p>Heimatforscher Dieter Bauke ist am Mittwoch, den 24. Mai 2023, um 15 Uhr zu Gast in der Lusaner Bibliothek. Der Eintritt zur Veranstaltung ist frei. In seinem unterhaltsamen Vortrag erl\u00e4utert er viele interessante Details zur <a class=\"mh-excerpt-more\" href=\"https:\/\/www.studiogera.de\/001\/2023\/05\/17\/zeppelinfluege-ueber-gera-vortrag-in-lusan\/\" title=\"ZEPPELINFL\u00dcGE \u00dcBER GERA \u2014 VORTRAG IN LUSAN\">[&#8230;]<\/a><\/p>\n<\/div>","protected":false},"author":2,"featured_media":24789,"comment_status":"open","ping_status":"open","sticky":false,"template":"","format":"standard","meta":{"footnotes":""},"categories":[7],"tags":[],"class_list":{"0":"post-24788","1":"post","2":"type-post","3":"status-publish","4":"format-standard","5":"has-post-thumbnail","7":"category-regionalkunde"},"_links":{"self":[{"href":"https:\/\/www.studiogera.de\/001\/wp-json\/wp\/v2\/posts\/24788","targetHints":{"allow":["GET"]}}],"collection":[{"href":"https:\/\/www.studiogera.de\/001\/wp-json\/wp\/v2\/posts"}],"about":[{"href":"https:\/\/www.studiogera.de\/001\/wp-json\/wp\/v2\/types\/post"}],"author":[{"embeddable":true,"href":"https:\/\/www.studiogera.de\/001\/wp-json\/wp\/v2\/users\/2"}],"replies":[{"embeddable":true,"href":"https:\/\/www.studiogera.de\/001\/wp-json\/wp\/v2\/comments?post=24788"}],"version-history":[{"count":1,"href":"https:\/\/www.studiogera.de\/001\/wp-json\/wp\/v2\/posts\/24788\/revisions"}],"predecessor-version":[{"id":24790,"href":"https:\/\/www.studiogera.de\/001\/wp-json\/wp\/v2\/posts\/24788\/revisions\/24790"}],"wp:featuredmedia":[{"embeddable":true,"href":"https:\/\/www.studiogera.de\/001\/wp-json\/wp\/v2\/media\/24789"}],"wp:attachment":[{"href":"https:\/\/www.studiogera.de\/001\/wp-json\/wp\/v2\/media?parent=24788"}],"wp:term":[{"taxonomy":"category","embeddable":true,"href":"https:\/\/www.studiogera.de\/001\/wp-json\/wp\/v2\/categories?post=24788"},{"taxonomy":"post_tag","embeddable":true,"href":"https:\/\/www.studiogera.de\/001\/wp-json\/wp\/v2\/tags?post=24788"}],"curies":[{"name":"wp","href":"https:\/\/api.w.org\/{rel}","templated":true}]}}