{"id":24791,"date":"2023-05-17T09:05:21","date_gmt":"2023-05-17T07:05:21","guid":{"rendered":"http:\/\/www.studiogera.de\/001\/?p=24791"},"modified":"2023-05-17T09:05:22","modified_gmt":"2023-05-17T07:05:22","slug":"nachrichtensprecher-klaus-feldmann-verstorben","status":"publish","type":"post","link":"https:\/\/www.studiogera.de\/001\/2023\/05\/17\/nachrichtensprecher-klaus-feldmann-verstorben\/","title":{"rendered":"NACHRICHTENSPRECHER KLAUS FELDMANN VERSTORBEN"},"content":{"rendered":"\n<p>Der langj\u00e4hrige Sprecher der Nachrichtensendung \u201eAktuelle Kamera\u201c im Deutschen Fernsehfunk bzw. Fernsehen der DDR, Klaus Feldmann, verstarb am 15. Mai 2023 im Alter von 87 Jahren. Feldmann war am 24. M\u00e4rz 1936 in Langenberg bei Gera geboren. Von 1951 bis 1954 absolvierte er in Leipzig eine Lehre zum Buchdrucker und studierte anschlie\u00dfend Journalismus. Zun\u00e4chst war er von 1957 bis 1961 als Nachrichtensprecher beim Deutschlandsender t\u00e4tig und wechselte 1961 zur \u201eAktuellen Kamera\u201c wo er bis September 1989 die Nachrichten verlas. Danach war er kurzzeitig Pressemitarbeiter bei der Gewerkschaft Handel, Nahrung und Genuss des FDGB. Von 1990 bis 1995 arbeitete Feldmann als Pressereferent bei der Pr\u00fcfgesellschaft Dekra. In lokalen Fernsehprogrammen war er auch nach dem Ende der DDR als Nachrichtensprecher zu sehen. Der Journalist schrieb mehrere B\u00fccher und hielt Lesungen.<\/p>\n","protected":false},"excerpt":{"rendered":"<div class=\"mh-excerpt\"><p>Der langj\u00e4hrige Sprecher der Nachrichtensendung \u201eAktuelle Kamera\u201c im Deutschen Fernsehfunk bzw. Fernsehen der DDR, Klaus Feldmann, verstarb am 15. Mai 2023 im Alter von 87 Jahren. Feldmann war am 24. M\u00e4rz 1936 in Langenberg bei <a class=\"mh-excerpt-more\" href=\"https:\/\/www.studiogera.de\/001\/2023\/05\/17\/nachrichtensprecher-klaus-feldmann-verstorben\/\" title=\"NACHRICHTENSPRECHER KLAUS FELDMANN VERSTORBEN\">[&#8230;]<\/a><\/p>\n<\/div>","protected":false},"author":2,"featured_media":24792,"comment_status":"open","ping_status":"open","sticky":false,"template":"","format":"standard","meta":{"footnotes":""},"categories":[17],"tags":[],"class_list":{"0":"post-24791","1":"post","2":"type-post","3":"status-publish","4":"format-standard","5":"has-post-thumbnail","7":"category-medien"},"_links":{"self":[{"href":"https:\/\/www.studiogera.de\/001\/wp-json\/wp\/v2\/posts\/24791","targetHints":{"allow":["GET"]}}],"collection":[{"href":"https:\/\/www.studiogera.de\/001\/wp-json\/wp\/v2\/posts"}],"about":[{"href":"https:\/\/www.studiogera.de\/001\/wp-json\/wp\/v2\/types\/post"}],"author":[{"embeddable":true,"href":"https:\/\/www.studiogera.de\/001\/wp-json\/wp\/v2\/users\/2"}],"replies":[{"embeddable":true,"href":"https:\/\/www.studiogera.de\/001\/wp-json\/wp\/v2\/comments?post=24791"}],"version-history":[{"count":1,"href":"https:\/\/www.studiogera.de\/001\/wp-json\/wp\/v2\/posts\/24791\/revisions"}],"predecessor-version":[{"id":24793,"href":"https:\/\/www.studiogera.de\/001\/wp-json\/wp\/v2\/posts\/24791\/revisions\/24793"}],"wp:featuredmedia":[{"embeddable":true,"href":"https:\/\/www.studiogera.de\/001\/wp-json\/wp\/v2\/media\/24792"}],"wp:attachment":[{"href":"https:\/\/www.studiogera.de\/001\/wp-json\/wp\/v2\/media?parent=24791"}],"wp:term":[{"taxonomy":"category","embeddable":true,"href":"https:\/\/www.studiogera.de\/001\/wp-json\/wp\/v2\/categories?post=24791"},{"taxonomy":"post_tag","embeddable":true,"href":"https:\/\/www.studiogera.de\/001\/wp-json\/wp\/v2\/tags?post=24791"}],"curies":[{"name":"wp","href":"https:\/\/api.w.org\/{rel}","templated":true}]}}