{"id":24839,"date":"2023-05-19T10:09:35","date_gmt":"2023-05-19T08:09:35","guid":{"rendered":"http:\/\/www.studiogera.de\/001\/?p=24839"},"modified":"2023-05-19T10:14:21","modified_gmt":"2023-05-19T08:14:21","slug":"unangenehme-diskussionen-ueber-das-renteneintrittsalter","status":"publish","type":"post","link":"https:\/\/www.studiogera.de\/001\/2023\/05\/19\/unangenehme-diskussionen-ueber-das-renteneintrittsalter\/","title":{"rendered":"UNANGENEHME DISKUSSIONEN \u00dcBER DAS RENTENEINTRITTSALTER"},"content":{"rendered":"\n<p>Deutschland ist hoch verschuldet und abh\u00e4ngig von Krediten. Relevant sind in diesem Zusammenhang die Beurteilungen der Ratingagenturen. Diese mahnen nun Reformen der Rentensysteme in der EU und damit auch in Deutschland an, wie die \u201eFinancial Times\u201c berichtet. Andernfalls droht eine Herabstufung der Kreditw\u00fcrdigkeit, was den Zugang zu Krediten erschwert. Deutschland geh\u00f6rt zu den Staaten, in denen die Gesellschaft besonders schnell altert. Das setzt die \u00f6ffentlichen Finanzen unter Druck. Hinzu kommen gestiegene Zinsen, die einen Mehraufwand f\u00fcr den Schuldendienst bedeuten.<\/p>\n\n\n\n<p>Zuletzt wurde in Deutschland \u00fcber eine Anhebung des Renteneintrittsalters auf 70 oder 75 Jahre diskutiert. Das Thema d\u00fcrfte in K\u00fcrze neu aufgegriffen werden. Edward Parker von der Ratingagentur \u201eFitch\u201c warnte in der \u201eFinancial Times\u201c:<\/p>\n\n\n\n<blockquote class=\"wp-block-quote is-layout-flow wp-block-quote-is-layout-flow\">\n<p>\u201eJe l\u00e4nger die Regierungen das Handeln hinausz\u00f6gern, desto schmerzhafter werden die Ma\u00dfnahmen sein.\u201c<\/p>\n<\/blockquote>\n\n\n\n<p>Den zahlreichen Rentenbeziehern stehen in dem Umlageverfahren k\u00fcnftig nicht mehr gen\u00fcgend Einzahler gegen\u00fcber. Hinzu kommt ein erh\u00f6hter Finanzbedarf f\u00fcr das Milit\u00e4r, den Wiederaufbau der Ukraine sowie die Transformation unter dem Stichwort Klimawandel. Die \u00f6ffentlichen Kassen stehen vor einer enormen Belastung. Durch die Anhebung des Renteneintrittsalters wird die Zahl der Bezugsberechtigten reduziert. Gleichzeitig verk\u00fcrzt sich die L\u00e4nge der nichtproduktiven Lebensphase wegen einer h\u00f6heren Sterblichkeit.<\/p>\n\n\n\n<p><a href=\"https:\/\/www.crctr224.de\/en\/research-output\/discussion-papers\/archive\/2023\/DP410\">https:\/\/www.crctr224.de\/en\/research-output\/discussion-papers\/archive\/2023\/DP410<\/a><\/p>\n\n\n\n<p>Denn durch die Erh\u00f6hung des Renteneintrittsalter steigt das Sterberisiko mit jedem Jahr, das l\u00e4nger gearbeitet wird. Das ist das Ergebnis einer gemeinsamen Studie des EPoS Research Center der Universit\u00e4t Mannheim und der Universit\u00e4t Barcelona.<\/p>\n","protected":false},"excerpt":{"rendered":"<div class=\"mh-excerpt\"><p>Deutschland ist hoch verschuldet und abh\u00e4ngig von Krediten. Relevant sind in diesem Zusammenhang die Beurteilungen der Ratingagenturen. Diese mahnen nun Reformen der Rentensysteme in der EU und damit auch in Deutschland an, wie die \u201eFinancial <a class=\"mh-excerpt-more\" href=\"https:\/\/www.studiogera.de\/001\/2023\/05\/19\/unangenehme-diskussionen-ueber-das-renteneintrittsalter\/\" title=\"UNANGENEHME DISKUSSIONEN \u00dcBER DAS RENTENEINTRITTSALTER\">[&#8230;]<\/a><\/p>\n<\/div>","protected":false},"author":2,"featured_media":24842,"comment_status":"open","ping_status":"open","sticky":false,"template":"","format":"standard","meta":{"footnotes":""},"categories":[1],"tags":[],"class_list":{"0":"post-24839","1":"post","2":"type-post","3":"status-publish","4":"format-standard","5":"has-post-thumbnail","7":"category-vermischtes"},"_links":{"self":[{"href":"https:\/\/www.studiogera.de\/001\/wp-json\/wp\/v2\/posts\/24839","targetHints":{"allow":["GET"]}}],"collection":[{"href":"https:\/\/www.studiogera.de\/001\/wp-json\/wp\/v2\/posts"}],"about":[{"href":"https:\/\/www.studiogera.de\/001\/wp-json\/wp\/v2\/types\/post"}],"author":[{"embeddable":true,"href":"https:\/\/www.studiogera.de\/001\/wp-json\/wp\/v2\/users\/2"}],"replies":[{"embeddable":true,"href":"https:\/\/www.studiogera.de\/001\/wp-json\/wp\/v2\/comments?post=24839"}],"version-history":[{"count":2,"href":"https:\/\/www.studiogera.de\/001\/wp-json\/wp\/v2\/posts\/24839\/revisions"}],"predecessor-version":[{"id":24841,"href":"https:\/\/www.studiogera.de\/001\/wp-json\/wp\/v2\/posts\/24839\/revisions\/24841"}],"wp:featuredmedia":[{"embeddable":true,"href":"https:\/\/www.studiogera.de\/001\/wp-json\/wp\/v2\/media\/24842"}],"wp:attachment":[{"href":"https:\/\/www.studiogera.de\/001\/wp-json\/wp\/v2\/media?parent=24839"}],"wp:term":[{"taxonomy":"category","embeddable":true,"href":"https:\/\/www.studiogera.de\/001\/wp-json\/wp\/v2\/categories?post=24839"},{"taxonomy":"post_tag","embeddable":true,"href":"https:\/\/www.studiogera.de\/001\/wp-json\/wp\/v2\/tags?post=24839"}],"curies":[{"name":"wp","href":"https:\/\/api.w.org\/{rel}","templated":true}]}}