{"id":24843,"date":"2023-05-19T11:10:00","date_gmt":"2023-05-19T09:10:00","guid":{"rendered":"http:\/\/www.studiogera.de\/001\/?p=24843"},"modified":"2023-05-19T10:17:53","modified_gmt":"2023-05-19T08:17:53","slug":"veranstaltungen-am-freitag-2","status":"publish","type":"post","link":"https:\/\/www.studiogera.de\/001\/2023\/05\/19\/veranstaltungen-am-freitag-2\/","title":{"rendered":"VERANSTALTUNGEN AM FREITAG"},"content":{"rendered":"\n<p>Im Hofwiesenpark bietet das \u201eVolk von Caraslan\u201c bis zum 21. Mai ein unterhaltsames Mittelalter-Programm mit Heerlagern, Handwerkern, Musikanten, Tavernenspielen, Bogenschie\u00dfen, Kinderschwertkampf und einem Markt.<\/p>\n\n\n\n<p>In Bieblach Ost ist noch bis zum 29. Mai der Zirkus Voyage zu Gast. Zu finden ist er auf der Freifl\u00e4che an der Th\u00fcringer Stra\u00dfe, nahe Endhaltestelle. Am heutigen Freitag beginnt die Vorstellung um 17 Uhr. Das Zelt \u00f6ffnet eine halbe Stunde vorher. Der Eintritt f\u00fcr Erwachsene kostet je nach Platz 18, 28, 32 bzw. 36 Euro. Kinder im Alter von zwei bis 14 Jahren zahlen 16, 24, 28 bzw. 32 Euro.<\/p>\n\n\n\n<p>Im Metropol-Kino stehen mehrere Filme auf dem Programm. \u201eDer Super Mario Bros. Film\u201c wird gezeigt um 13.45 Uhr, \u201eAsterix &amp; Obelix im Reich der Mitte\u201c um 15.50 Uhr, 18.15 Uhr und 20.40 Uhr, das Drama \u201eDas Lehrerzimmer\u201c um 20 Uhr, das Drama \u201eDie Linie\u201c um 14.15 Uhr und 20.30 Uhr, der Dokumentarfilm \u201eBigger than us\u201c um 16.30 Uhr, \u201eWenzel \u2014 glaubt nie, was ich singe\u201c um 18.30 Uhr, \u201eLoriots gro\u00dfe Trickfilmrevue\u201c um 14 Uhr, und das Drama \u201eRoter Himmel\u201c um 18 Uhr. Um 16 Uhr beginnt das Kaffeekuchenkino mit dem Film \u201eIm Taxi mit Madelaine\u201c.<\/p>\n","protected":false},"excerpt":{"rendered":"<div class=\"mh-excerpt\"><p>Im Hofwiesenpark bietet das \u201eVolk von Caraslan\u201c bis zum 21. Mai ein unterhaltsames Mittelalter-Programm mit Heerlagern, Handwerkern, Musikanten, Tavernenspielen, Bogenschie\u00dfen, Kinderschwertkampf und einem Markt. In Bieblach Ost ist noch bis zum 29. Mai der Zirkus <a class=\"mh-excerpt-more\" href=\"https:\/\/www.studiogera.de\/001\/2023\/05\/19\/veranstaltungen-am-freitag-2\/\" title=\"VERANSTALTUNGEN AM FREITAG\">[&#8230;]<\/a><\/p>\n<\/div>","protected":false},"author":2,"featured_media":22617,"comment_status":"open","ping_status":"open","sticky":false,"template":"","format":"standard","meta":{"footnotes":""},"categories":[16],"tags":[],"class_list":{"0":"post-24843","1":"post","2":"type-post","3":"status-publish","4":"format-standard","5":"has-post-thumbnail","7":"category-kurzmitteilungen"},"_links":{"self":[{"href":"https:\/\/www.studiogera.de\/001\/wp-json\/wp\/v2\/posts\/24843","targetHints":{"allow":["GET"]}}],"collection":[{"href":"https:\/\/www.studiogera.de\/001\/wp-json\/wp\/v2\/posts"}],"about":[{"href":"https:\/\/www.studiogera.de\/001\/wp-json\/wp\/v2\/types\/post"}],"author":[{"embeddable":true,"href":"https:\/\/www.studiogera.de\/001\/wp-json\/wp\/v2\/users\/2"}],"replies":[{"embeddable":true,"href":"https:\/\/www.studiogera.de\/001\/wp-json\/wp\/v2\/comments?post=24843"}],"version-history":[{"count":1,"href":"https:\/\/www.studiogera.de\/001\/wp-json\/wp\/v2\/posts\/24843\/revisions"}],"predecessor-version":[{"id":24844,"href":"https:\/\/www.studiogera.de\/001\/wp-json\/wp\/v2\/posts\/24843\/revisions\/24844"}],"wp:featuredmedia":[{"embeddable":true,"href":"https:\/\/www.studiogera.de\/001\/wp-json\/wp\/v2\/media\/22617"}],"wp:attachment":[{"href":"https:\/\/www.studiogera.de\/001\/wp-json\/wp\/v2\/media?parent=24843"}],"wp:term":[{"taxonomy":"category","embeddable":true,"href":"https:\/\/www.studiogera.de\/001\/wp-json\/wp\/v2\/categories?post=24843"},{"taxonomy":"post_tag","embeddable":true,"href":"https:\/\/www.studiogera.de\/001\/wp-json\/wp\/v2\/tags?post=24843"}],"curies":[{"name":"wp","href":"https:\/\/api.w.org\/{rel}","templated":true}]}}